{"id":4894,"date":"2021-03-26T12:12:00","date_gmt":"2021-03-26T10:12:00","guid":{"rendered":"https:\/\/lean.org.hu\/?p=4894"},"modified":"2023-02-13T12:43:57","modified_gmt":"2023-02-13T10:43:57","slug":"mi-a-twi","status":"publish","type":"post","link":"https:\/\/lean.org.hu\/en\/alapok\/mi-a-twi\/","title":{"rendered":"Mi a TWI?"},"content":{"rendered":"<p><strong>A TWI alapt\u00e9zise: a dolgoz\u00f3t \u00fagy kell betan\u00edtani, hogy helyesen, biztons\u00e1gosan \u00e9s lelkiismeretesen tudja elv\u00e9gezni munk\u00e1j\u00e1t.<\/strong> <\/p>\n\n\n\n<p><em>A cikk elolvas\u00e1s\u00e1hoz sz\u00fcks\u00e9ges id\u0151: kb. 4 perc<\/em><\/p>\n\n\n\n<h3 class=\"wp-block-heading\" id=\"hatter\"><strong>Mi a TWI sz\u00fcks\u00e9gess\u00e9g\u00e9nek gazdas\u00e1gi h\u00e1ttere?<\/strong><\/h3>\n\n\n\n<p>Az ipari termel\u00e9s t\u00f6rt\u00e9nelm\u00e9ben t\u00f6bbsz\u00f6r el\u0151fordult, hogy hirtelen, nagy sz\u00e1mban kellett munkaer\u0151t kik\u00e9pezni az \u00e9ppen aktu\u00e1lis ig\u00e9nyek kiel\u00e9g\u00edt\u00e9se \u00e9rdek\u00e9ben.<\/p>\n\n\n\n<p>A munkaer\u0151piacot az elm\u00falt id\u0151szakban a pand\u00e9mia dikt\u00e1lta v\u00e1ltoz\u00e1sok ir\u00e1ny\u00edtott\u00e1k. A v\u00e1llalkoz\u00e1sok szempontj\u00e1b\u00f3l ez egyr\u00e9szt az ig\u00e9nyek drasztikus cs\u00f6kken\u00e9s\u00e9t jelentette, amely a legrosszabb esetben elbocs\u00e1t\u00e1sokat is eredm\u00e9nyezett, m\u00e1sr\u00e9szt egyes ter\u00fcleteken jelent\u0151s m\u00e9rt\u00e9k\u0171 \u00e9s tart\u00f3s n\u00f6veked\u00e9s \u00e1llt el\u0151, amely \u00faj munkaer\u0151 be\u00e1raml\u00e1s\u00e1t gener\u00e1lta.<\/p>\n\n\n\n<p>A v\u00e1llalatokn\u00e1l emiatt el\u0151t\u00e9rbe ker\u00fcltek azon <strong>k\u00e9pess\u00e9gek<\/strong>, amelyek a szervezeten bel\u00fcli <strong>\u00e1tk\u00e9pz\u00e9sekben<\/strong>, az \u00faj alkalmazottak <strong>betan\u00edt\u00e1s\u00e1ban<\/strong> j\u00e1tszanak szerepet.<\/p>\n\n\n\n<h3 class=\"wp-block-heading\" id=\"eredet\"><strong>Hogyan sz\u00fcletett a TWI?<\/strong><\/h3>\n\n\n\n<p>A m\u00e1sodik vil\u00e1gh\u00e1bor\u00faban az Amerikai Egyes\u00fclt \u00c1llamokban a fronton harcol\u00f3 k\u00e9pzett munkaer\u0151t kellett gyorsan \u00e9s hat\u00e9konyan p\u00f3tolni, hogy a hadiipar dikt\u00e1lta kih\u00edv\u00e1sokat teljes\u00edteni tudj\u00e1k. Ekkor dolgozt\u00e1k ki a K\u00e9pz\u00e9s az iparon bel\u00fcl (Training Within Industry, TWI) programot, amely seg\u00edts\u00e9g\u00e9vel r\u00f6vid id\u0151 alatt siker\u00fclt az ipari k\u00f6rnyezetben k\u00e9pzetlen, nagyr\u00e9szt n\u0151k alkotta munkaer\u0151t be\u00e1ll\u00edtani a gy\u00e1rt\u00f3sorok, gy\u00e1rt\u00f3g\u00e9pek mell\u00e9. A program nagym\u00e9rt\u00e9kben hozz\u00e1j\u00e1rult ahhoz, hogy a sz\u00f6vets\u00e9ges hatalmak gy\u0151zedelmeskedjenek, \u00e9s ahhoz, hogy a n\u0151k munkaer\u0151piaci helyzete gy\u00f6keresen megv\u00e1ltozzon.<\/p>\n\n\n\n<p>A TWI elveket a h\u00e1bor\u00fa ut\u00e1n a Marshall-terv keret\u00e9ben export\u00e1lt\u00e1k, t\u00f6bbek k\u00f6z\u00f6tt Jap\u00e1nba, ahol a Toyota alkalmazta \u00e9s alkalmazza a mai napig is sikerrel. A TWI a Toyota Termel\u00e9si Rendszer (Toyota Production System, TPS) kulcsfontoss\u00e1g\u00fa eleme, amelynek seg\u00edts\u00e9g\u00e9vel kialak\u00edtott\u00e1k annak standard munka elem\u00e9t \u00e9s azt a megk\u00f6zel\u00edt\u00e9st, hogy hogyan lehet ezeket a standardokat hat\u00e9konyan betan\u00edtani.<\/p>\n\n\n\n<div class=\"wp-block-columns is-layout-flex wp-container-core-columns-is-layout-9d6595d7 wp-block-columns-is-layout-flex\">\n<div class=\"wp-block-column is-layout-flow wp-block-column-is-layout-flow\">\n<p>A TWI program h\u00e1rom f\u0151 pill\u00e9rb\u0151l \u00e1ll:<\/p>\n\n\n\n<ul class=\"wp-block-list\">\n<li>Munka betan\u00edt\u00e1s (Job Instruction, JI)<\/li>\n\n\n\n<li>Munka m\u00f3dszerek (Job Methods, JM)<\/li>\n\n\n\n<li>Munka kapcsolatok (Job Relations, JR)<\/li>\n<\/ul>\n\n\n\n<p>Ez a h\u00e1rom pill\u00e9r a negyedikben, a Probl\u00e9mamegold\u00e1s (Job Problem solving, JP) \u00e9s biztons\u00e1g dimenzi\u00f3j\u00e1ban egyes\u00fcl.<\/p>\n\n\n\n<p>A TWI alapt\u00e9zise v\u00e1ltozatlanul id\u0151t\u00e1ll\u00f3: a dolgoz\u00f3t \u00fagy kell betan\u00edtani, hogy <strong>helyesen<\/strong>, <strong>biztons\u00e1gosan<\/strong> \u00e9s <strong>lelkiismeretesen<\/strong> tudja elv\u00e9gezni munk\u00e1j\u00e1t.<\/p>\n<\/div>\n\n\n\n<div class=\"wp-block-column is-layout-flow wp-block-column-is-layout-flow\">\n<div style=\"height:10px\" aria-hidden=\"true\" class=\"wp-block-spacer\"><\/div>\n\n\n<div class=\"wp-block-image\">\n<figure class=\"aligncenter size-large\"><img fetchpriority=\"high\" decoding=\"async\" width=\"590\" height=\"530\" src=\"https:\/\/lean.org.hu\/wp-content\/uploads\/2021\/03\/TWI-halmazok.png\" alt=\"TWI halmazok\" class=\"wp-image-4897\" srcset=\"https:\/\/lean.org.hu\/wp-content\/uploads\/2021\/03\/TWI-halmazok.png 590w, https:\/\/lean.org.hu\/wp-content\/uploads\/2021\/03\/TWI-halmazok-200x180.png 200w, https:\/\/lean.org.hu\/wp-content\/uploads\/2021\/03\/TWI-halmazok-300x269.png 300w, https:\/\/lean.org.hu\/wp-content\/uploads\/2021\/03\/TWI-halmazok-13x12.png 13w\" sizes=\"(max-width: 590px) 100vw, 590px\" \/><\/figure><\/div><\/div>\n<\/div>\n\n\n\n<figure class=\"wp-block-image size-full\"><a href=\"https:\/\/youtu.be\/E2gyJ3SD-IA\" target=\"_blank\" rel=\"noreferrer noopener\"><img decoding=\"async\" width=\"750\" height=\"416\" src=\"https:\/\/lean.org.hu\/wp-content\/uploads\/2023\/02\/image-5.png\" alt=\"TWI munkabetan\u00edt\u00e1s\" class=\"wp-image-139877\" srcset=\"https:\/\/lean.org.hu\/wp-content\/uploads\/2023\/02\/image-5.png 750w, https:\/\/lean.org.hu\/wp-content\/uploads\/2023\/02\/image-5-300x166.png 300w, https:\/\/lean.org.hu\/wp-content\/uploads\/2023\/02\/image-5-18x10.png 18w, https:\/\/lean.org.hu\/wp-content\/uploads\/2023\/02\/image-5-200x111.png 200w\" sizes=\"(max-width: 750px) 100vw, 750px\" \/><\/a><\/figure>\n\n\n\n<div style=\"height:10px\" aria-hidden=\"true\" class=\"wp-block-spacer\"><\/div>\n\n\n\n<h3 class=\"wp-block-heading\" id=\"jelentes\"><strong>Mit is jelentenek ezek?<\/strong><\/h3>\n\n\n\n<p>A <strong>helyes<\/strong> munkav\u00e9gz\u00e9s nem jelent m\u00e1st, minthogy a munkat\u00e1rs a kialak\u00edtott munka standardnak megfelel\u0151en v\u00e9gezze a munk\u00e1j\u00e1t.<\/p>\n\n\n\n<p>A <strong>biztons\u00e1gos<\/strong> munkav\u00e9gz\u00e9s a saj\u00e1t testi \u00e9ps\u00e9g\u00e9nek meg\u00f3v\u00e1s\u00e1n t\u00fal, jelenti a koll\u00e9g\u00e1k, a berendez\u00e9sek \u00e9s a term\u00e9k biztons\u00e1g\u00e1nak meg\u00f3v\u00e1s\u00e1t is. Tov\u00e1bb\u00e1 a dolgoz\u00f3nak biztons\u00e1gban kell \u00e9reznie mag\u00e1t a saj\u00e1t tud\u00e1s\u00e1val kapcsolatban is. Ha nem \u00edgy van, akkor nem fog tudni figyelni a munk\u00e1j\u00e1ra, f\u00e9lni, stresszelni fog, majd hib\u00e1zik.<\/p>\n\n\n\n<p>A legnehezebben megfoghat\u00f3 kifejez\u00e9s tal\u00e1n a <strong>lelkiismeretes<\/strong> munkav\u00e9gz\u00e9s fogalma. A TWI programban ez azt jelenti, hogy a betan\u00edt\u00e1s sor\u00e1n azt kell el\u00e9rn\u00fcnk, hogy a dolgoz\u00f3 a legjobb tud\u00e1sa szerint v\u00e9gezze el a munk\u00e1t \u00e9s ehhez nek\u00fcnk a legjobb m\u00f3dszert kell neki megmutatnunk. Ehhez olyan p\u00e9ldamutat\u00f3, ny\u00edlt kommunik\u00e1ci\u00f3t er\u0151s\u00edt\u0151 munkak\u00f6rnyezetre van sz\u00fcks\u00e9g, ahol a dolgoz\u00f3 b\u00e1tran k\u00e9rdezhet \u00e9s ha hib\u00e1zik, akkor azt lehet\u0151s\u00e9ge van jelezni, tudva, hogy ez\u00e9rt nem elmarasztal\u00e1s j\u00e1r, hanem seg\u00edts\u00e9get kap a probl\u00e9ma megold\u00e1s\u00e1hoz.<\/p>\n\n\n\n<h3 class=\"wp-block-heading\" id=\"egyeb-modszerek\"><strong>Melyek a kev\u00e9sb\u00e9 hat\u00e9kony betan\u00edt\u00e1si gyakorlatok?<\/strong><\/h3>\n\n\n\n<p>Alapvet\u0151en a v\u00e1llalatok az \u00faj munkat\u00e1rsak betan\u00edt\u00e1s\u00e1n\u00e1l, illetve a bels\u0151 \u00e1tk\u00e9pz\u00e9sek sor\u00e1n n\u00e9gy \u00e1ltal\u00e1nosan elterjedt betan\u00edt\u00e1si m\u00f3dszert alkalmaznak:<\/p>\n\n\n\n<ul class=\"wp-block-list\">\n<li>elmond\u00e1s,<\/li>\n\n\n\n<li>bemutat\u00e1s,<\/li>\n\n\n\n<li>illusztr\u00e1ci\u00f3,<\/li>\n\n\n\n<li>k\u00e9rdezz-felelek.<\/li>\n<\/ul>\n\n\n\n<p>Az <strong>elmond\u00e1s<\/strong> sor\u00e1n gyakran szembes\u00fclhet\u00fcnk azzal, hogy egyr\u00e9szt a tr\u00e9ner nem a megfelel\u0151 szavakat haszn\u00e1lja a tud\u00e1s \u00e1tad\u00e1s\u00e1ra vagy kihagy kulcsfontoss\u00e1g\u00fa pontokat, amelyek fontosak a feladat meg\u00e9rt\u00e9s\u00e9hez. M\u00e1sr\u00e9szt a tanul\u00f3nak nem biztos, hogy rendelkez\u00e9s\u00e9re \u00e1ll az a fogalmi k\u00e9szlet, amivel meg\u00e9rtheti az elmondottakat. Ugyanakkor egy\u00e9nenk\u00e9nt is v\u00e1ltoz\u00f3, hogy ki mekkora mennyis\u00e9g\u0171 inform\u00e1ci\u00f3t tud elsaj\u00e1t\u00edtani puszt\u00e1n sz\u00f3beli elmond\u00e1s alapj\u00e1n.<\/p>\n\n\n\n<p>A <strong>bemutat\u00e1sn\u00e1l<\/strong> probl\u00e9m\u00e1t jelenthet, annak ellen\u0151rz\u00e9se, hogy a betanul\u00f3 munkat\u00e1rs puszt\u00e1n csak leut\u00e1nozza a folyamatot vagy meg is \u00e9rtette annak l\u00e9nyeg\u00e9t.<\/p>\n\n\n\n<p>A munkafolyamat <strong>illusztr\u00e1ci\u00f3kkal<\/strong> t\u00f6rt\u00e9n\u0151 bemutat\u00e1s\u00e1n\u00e1l ugyancsak nehezen d\u00f6nthet\u0151 el, hogy a tanul\u00f3 megfelel\u0151en \u00e9rtelmezi-e az \u00e1br\u00e1kat, inform\u00e1ci\u00f3kat.<\/p>\n\n\n\n<p>A <strong>k\u00e9rdezz-felelek<\/strong> m\u00f3dszer fontos, \u00e9s j\u00f3l haszn\u00e1lhat\u00f3 a betan\u00edt\u00e1s folyamat\u00e1ban, amennyiben a megfelel\u0151 k\u00e9rd\u00e9seket tessz\u00fck fel.<\/p>\n\n\n\n<p>A fenti m\u00f3dszerek k\u00f6z\u00fcl a legelterjedtebbek az elmond\u00e1s \u00e9s a bemutat\u00e1s. Ezek egy\u00fcttes haszn\u00e1lata m\u00e1r j\u00f3val hat\u00e9konyabb, egyed\u00fcli haszn\u00e1latuk k\u00f6zel sem ennyire eredm\u00e9nyes.<\/p>\n\n\n\n<h3 class=\"wp-block-heading\" id=\"miben-mas-a-TWI\"><strong>Miben m\u00e1s a TWI munka betan\u00edt\u00e1s?<\/strong><\/h3>\n\n\n\n<p>A TWI munka betan\u00edt\u00e1s<strong> kombin\u00e1lja a n\u00e9gy m\u00f3dszert<\/strong> \u00e9s egys\u00e9ges rendszerbe foglalja azokat.<\/p>\n\n\n\n<p>A munka betan\u00edt\u00e1s siker\u00e9nek a kulcsa az <strong>alapos felk\u00e9sz\u00fcl\u00e9s<\/strong>. A gyakorlatban ez azt jelenti, hogy a tr\u00e9ner (instruktor) el\u0151sz\u00f6r egy \u00fagynevezett munka lebont\u00e1si lapon a betan\u00edtand\u00f3 folyamatot <em>f\u0151bb l\u00e9p\u00e9sekre<\/em>, <em>kulcspontokra<\/em> \u00e9s azok <em>magyar\u00e1zataira<\/em> bontja le a. Ez alapj\u00e1n v\u00e9gzi majd a betan\u00edt\u00e1st.<\/p>\n\n\n\n<p>A munka lebont\u00e1si lapnak teh\u00e1t az eml\u00edtett h\u00e1rom oszlopa van:<\/p>\n\n\n\n<ul class=\"wp-block-list\">\n<li><strong>f\u0151bb l\u00e9p\u00e9sek<\/strong>, azaz <em>Mit csin\u00e1lok? \u2013 <\/em>a folyamat le\u00edr\u00e1sa. Fontos, hogy mindig ig\u00e9k haszn\u00e1lat\u00e1val \u00edrjuk le az elv\u00e9gzend\u0151 munka l\u00e9p\u00e9seit.<\/li>\n\n\n\n<li><strong>kulcspontok<\/strong>, azaz <em>Hogyan csin\u00e1lom? <\/em>\u2013 inform\u00e1ci\u00f3k, tr\u00fckk\u00f6k, fort\u00e9lyok, gyakorlatok, amelyek el\u0151seg\u00edtik a munka helyes \u00e9s biztons\u00e1gos elv\u00e9gz\u00e9s\u00e9t. Ezek minden esetben a min\u0151s\u00e9gr\u0151l, a biztons\u00e1gr\u00f3l vagy a feladat egyszer\u0171bb elv\u00e9gz\u00e9s\u00e9r\u0151l kell, hogy sz\u00f3ljanak.<\/li>\n\n\n\n<li><strong>magyar\u00e1zatok<\/strong>, azaz <em>Mi\u00e9rt \u00fagy csin\u00e1lom?<\/em> \u2013 ezzel \u00e9rtik meg igaz\u00e1n a dolgoz\u00f3k az egyes l\u00e9p\u00e9sek \u00e9s kulcspontok pontos elv\u00e9gz\u00e9s\u00e9nek fontoss\u00e1g\u00e1t.<\/li>\n<\/ul>\n\n\n\n<h3 class=\"wp-block-heading\" id=\"gyakorlat\"><strong>Hogyan n\u00e9z ki a gyakorlatban a TWI munka betan\u00edt\u00e1si folyamat?<\/strong><\/h3>\n\n\n\n<p>Mindenekel\u0151tt ismern\u00fcnk kell a TWI munka betan\u00edt\u00e1si folyamat vez\u00e9relv\u00e9t:<em> \u201eHa a dolgoz\u00f3 nem tanult, az instruktor nem tan\u00edtott!\u201d<\/em><\/p>\n\n\n\n<p>A TWI munka betan\u00edt\u00e1si folyamat n\u00e9gy f\u00e1zisb\u00f3l \u00e1ll:<\/p>\n\n\n\n<ul class=\"wp-block-list\">\n<li>A dolgoz\u00f3 felk\u00e9sz\u00edt\u00e9se,<\/li>\n\n\n\n<li>A m\u0171velet bemutat\u00e1sa,<\/li>\n\n\n\n<li>A teljes\u00edtm\u00e9ny kipr\u00f3b\u00e1l\u00e1sa,<\/li>\n\n\n\n<li>Nyomon k\u00f6vet\u00e9s<\/li>\n<\/ul>\n\n\n\n<p>Az els\u0151 l\u00e9p\u00e9sben m\u00e9g nem t\u00f6rt\u00e9nik konkr\u00e9t inform\u00e1ci\u00f3 \u00e1tad\u00e1s, a <strong>dolgoz\u00f3 felk\u00e9sz\u00edt\u00e9s\u00e9nek<\/strong> c\u00e9lja, hogy a munkat\u00e1rsat tanul\u00e1si \u00e1llapotba hozzuk, azaz motiv\u00e1ltt\u00e1 tegy\u00fck az \u00faj ismeret elsaj\u00e1t\u00edt\u00e1s\u00e1ra, valamint a tr\u00e9ner is megtudja, hogy mit tud a tanul\u00f3 az elsaj\u00e1t\u00edtand\u00f3 munkafolyamatr\u00f3l. Ehhez olyan k\u00f6rnyezetet kell teremten\u00fcnk, ahol a dolgoz\u00f3 figyelm\u00e9t nem vonja el semmi \u00e9s biztons\u00e1gban \u00e9rzi mag\u00e1t.<\/p>\n\n\n\n<p>A <strong>m\u0171velet bemutat\u00e1sa<\/strong> egy t\u00f6bbk\u00f6r\u00f6s, koncentr\u00e1lt tanul\u00e1si folyamat. Tulajdonk\u00e9ppen itt t\u00f6rt\u00e9nik az \u00faj ismeretek \u00e1tad\u00e1sa.<\/p>\n\n\n\n<p>A <strong>teljes\u00edtm\u00e9ny kipr\u00f3b\u00e1l\u00e1s\u00e1n\u00e1l<\/strong> m\u00e1r a tanul\u00f3 v\u00e9gzi a folyamatot. Fontos, ha hib\u00e1zik, azonnal jav\u00edtsuk ki. A tr\u00e9ner itt konkr\u00e9t, nyitott k\u00e9rd\u00e9sekkel ellen\u0151rzi, hogy a tanul\u00f3 meg\u00e9rtette-e a folyamatot.<\/p>\n\n\n\n<p>A <strong>nyomon k\u00f6vet\u00e9s <\/strong>k\u00e9t r\u00e9szb\u0151l \u00e1ll. Egyr\u00e9szt a betan\u00edt\u00e1si folyamat v\u00e9g\u00e9n biztos\u00edtani kell a tanul\u00f3t arr\u00f3l, hogy nem fogjuk mag\u00e1ra hagyni. Ki kell jel\u00f6lni mell\u00e9 egy koll\u00e9g\u00e1t, akit\u0151l b\u00e1tran k\u00e9rdezhet a j\u00f6v\u0151ben. M\u00e1sr\u00e9szt fontos, hogy id\u0151r\u0151l-id\u0151re a tr\u00e9nernek is vissza kell mennie ellen\u0151rizni a betanul\u00f3 munkat\u00e1rsat, hogy fokozatosan el tudjon jutni az \u00f6n\u00e1ll\u00f3 munkav\u00e9gz\u00e9sig.<\/p>\n\n\n\n<h3 class=\"wp-block-heading\" id=\"elony\"><strong>Mi\u00e9rt j\u00f3 nek\u00fcnk a TWI?<\/strong><\/h3>\n\n\n\n<p>Tapasztalataink szerint a TWI munka betan\u00edt\u00e1s megfelel\u0151 alkalmaz\u00e1s\u00e1nak eredm\u00e9nyek\u00e9nt:<\/p>\n\n\n\n<ul class=\"wp-block-list\">\n<li>megval\u00f3sul a standardok <strong>egys\u00e9ges<\/strong> betan\u00edt\u00e1sa,<\/li>\n\n\n\n<li>50-65%-kal ler\u00f6vid\u00fclhet az \u00faj dolgoz\u00f3k <strong>betan\u00edt\u00e1s\u00e1nak ideje,<\/strong><\/li>\n\n\n\n<li>30-75%-kal cs\u00f6kkenhet a nem megfelel\u0151 munkav\u00e9gz\u00e9sb\u0151l ered\u0151 <strong>selejt,<\/strong><\/li>\n\n\n\n<li>a gyorsabb betanul\u00e1s, a felesleges mozdulatok megsz\u00fcntet\u00e9se \u00e9s a kevesebb selejt k\u00f6vetkezt\u00e9ben 35-60%-kal n\u0151het a <strong>produktivit\u00e1s,<\/strong><\/li>\n\n\n\n<li>a nem megfelel\u0151 betan\u00edt\u00e1sb\u00f3l ered\u0151 munkahelyi <strong>balesetek<\/strong> sz\u00e1ma cs\u00f6kken,<\/li>\n\n\n\n<li>n\u00f6vekszik a munkat\u00e1rsak siker\u00e9lm\u00e9nye, eredm\u00e9nyess\u00e9ge, ez\u00e9rt a pr\u00f3baid\u0151 alatti <strong>fluktu\u00e1ci\u00f3<\/strong> drasztikusan cs\u00f6kken,<\/li>\n\n\n\n<li>felgyorsul \u00e9s hat\u00e9konyabb\u00e1 v\u00e1lik a <strong>probl\u00e9mamegold\u00e1s<\/strong> folyamata<\/li>\n<\/ul>\n\n\n\n<p>A TWI elveinek tudatos alkalmaz\u00e1s\u00e1nak tov\u00e1bbi k\u00e9zzelfoghat\u00f3 eredm\u00e9nye, hogy a munkat\u00e1rsak \u2013 megismerve a betan\u00edt\u00e1si folyamatot \u2013 motiv\u00e1ltt\u00e1 v\u00e1lnak arra, hogy \u00faj ismereteket saj\u00e1t\u00edtsanak el.<\/p>\n\n\n\n<p>A TWI azonban nem csup\u00e1n egy eszk\u00f6z, hanem a teljes\u00edtm\u00e9ny fenntart\u00e1s\u00e1t \u00e9s folyamatos fejleszt\u00e9s\u00e9t t\u00e1mogat\u00f3 <strong>vezet\u0151i rutin is<\/strong>.<\/p>\n\n\n\n<p>Ne feledj\u00fck teh\u00e1t:<\/p>\n\n\n\n<p class=\"has-text-align-center\"><em> \u201eHa a dolgoz\u00f3 nem tanult, az instruktor nem tan\u00edtott!\u201d<\/em><\/p>\n\n\n\n<div style=\"height:20px\" aria-hidden=\"true\" class=\"wp-block-spacer\"><\/div>\n\n\n\n<h2 class=\"wp-block-heading\" id=\"twi-webinarium\">N\u00e9zd meg TWI webin\u00e1riumunkat!<\/h2>\n\n\n\n<figure class=\"wp-block-image size-full\"><a href=\"https:\/\/youtu.be\/a_NGaabI4B8\" target=\"_blank\" rel=\"noreferrer noopener\"><img decoding=\"async\" width=\"744\" height=\"417\" src=\"https:\/\/lean.org.hu\/wp-content\/uploads\/2023\/02\/image-4.png\" alt=\"TWI webin\u00e1rium\" class=\"wp-image-139874\" srcset=\"https:\/\/lean.org.hu\/wp-content\/uploads\/2023\/02\/image-4.png 744w, https:\/\/lean.org.hu\/wp-content\/uploads\/2023\/02\/image-4-300x168.png 300w, https:\/\/lean.org.hu\/wp-content\/uploads\/2023\/02\/image-4-18x10.png 18w, https:\/\/lean.org.hu\/wp-content\/uploads\/2023\/02\/image-4-200x112.png 200w\" sizes=\"(max-width: 744px) 100vw, 744px\" \/><\/a><\/figure>\n\n\n\n<div style=\"height:20px\" aria-hidden=\"true\" class=\"wp-block-spacer\"><\/div>\n\n\n\n<div class=\"wp-block-group\"><div class=\"wp-block-group__inner-container is-layout-flow wp-block-group-is-layout-flow\">\n<h2 class=\"wp-block-heading\" id=\"konyvajanlo\"><strong>K\u00f6nyvaj\u00e1nl\u00f3<\/strong><\/h2>\n\n\n\n<div class=\"wp-block-columns is-layout-flex wp-container-core-columns-is-layout-9d6595d7 wp-block-columns-is-layout-flex\">\n<div class=\"wp-block-column is-layout-flow wp-block-column-is-layout-flow\" style=\"flex-basis:66.66%\">\n<ul class=\"wp-block-list\" id=\"block-12e1b789-3ce9-4e80-85a8-95f7e0f92923\"><li>Hogyan fogjunk hozz\u00e1 a lean gy\u00e1rt\u00e1s megval\u00f3s\u00edt\u00e1s\u00e1hoz?<br><\/li><li>Mi legyen a k\u00f6vetkez\u0151, majd az azt k\u00f6vet\u0151 l\u00e9p\u00e9s?<\/li><\/ul>\n\n\n\n<p>Manaps\u00e1g m\u00e1r nem k\u00f6nny\u0171 eligazodni a lean elvekkel kapcsolatos inform\u00e1ci\u00f3k tenger\u00e9ben.<\/p>\n<\/div>\n\n\n\n<div class=\"wp-block-column is-layout-flow wp-block-column-is-layout-flow\" style=\"flex-basis:33.33%\">\n<div class=\"wp-block-image is-style-rounded\"><figure class=\"aligncenter size-large is-resized\"><a href=\"https:\/\/lean.org.hu\/en\/lean-konyvesbolt\/kaizen-expressz-kaizen-express\/\" target=\"_blank\" rel=\"noopener\"><img loading=\"lazy\" decoding=\"async\" src=\"https:\/\/lean.org.hu\/wp-content\/uploads\/2020\/11\/Kaizen-expressz.jpg\" alt=\"Kaizen Expressz\" class=\"wp-image-3695\" width=\"167\" height=\"167\" srcset=\"https:\/\/lean.org.hu\/wp-content\/uploads\/2020\/11\/Kaizen-expressz.jpg 300w, https:\/\/lean.org.hu\/wp-content\/uploads\/2020\/11\/Kaizen-expressz-200x200.jpg 200w, https:\/\/lean.org.hu\/wp-content\/uploads\/2020\/11\/Kaizen-expressz-100x100.jpg 100w, https:\/\/lean.org.hu\/wp-content\/uploads\/2020\/11\/Kaizen-expressz-150x150.jpg 150w\" sizes=\"(max-width: 167px) 100vw, 167px\" \/><\/a><\/figure><\/div>\n<\/div>\n<\/div>\n\n\n\n<p>A&nbsp;<strong><em>Kaizen Expressz<\/em><\/strong>&nbsp;c\u00edm\u0171 k\u00f6nyv p\u00f6rg\u0151s, g\u00f6rd\u00fcl\u00e9keny st\u00edlusban, t\u00f6m\u00f6ren, az alapokhoz visszany\u00falva ismerteti a&nbsp;Toyota termel\u00e9si rendszer (TPS), \u00e9s a lean alapvet\u0151 elveit, m\u00e9gpedig a megval\u00f3s\u00edt\u00e1s logikus sorrendj\u00e9ben.<\/p>\n\n\n\n<div class=\"wp-block-buttons is-horizontal is-content-justification-center is-layout-flex wp-container-core-buttons-is-layout-499968f5 wp-block-buttons-is-layout-flex\">\n<div class=\"wp-block-button\"><a class=\"wp-block-button__link\" href=\"https:\/\/lean.org.hu\/en\/lean-konyvesbolt\/kaizen-expressz-kaizen-express\/\" style=\"border-radius:5px\" target=\"_blank\" rel=\"noreferrer noopener\">Rendeld meg most!<\/a><\/div>\n<\/div>\n<\/div><\/div>","protected":false},"excerpt":{"rendered":"","protected":false},"author":9,"featured_media":4910,"comment_status":"closed","ping_status":"open","sticky":false,"template":"","format":"standard","meta":{"_eb_attr":"","footnotes":""},"categories":[45,17],"tags":[18,19,42,64],"class_list":["post-4894","post","type-post","status-publish","format-standard","has-post-thumbnail","hentry","category-alapok","category-lean-cikkek","tag-alapok","tag-eszkozok","tag-termeles","tag-twi","infinite-scroll-item","masonry-post","generate-columns","tablet-grid-50","mobile-grid-100","grid-parent","grid-33","no-featured-image-padding"],"featured_image_src":"https:\/\/lean.org.hu\/wp-content\/uploads\/2021\/03\/Mi-a-TWI_SEO_1200x628.jpg","author_info":{"display_name":"nesicz.regina","author_link":"https:\/\/lean.org.hu\/en\/author\/nesicz-regina\/"},"yoast_head":"<!-- This site is optimized with the Yoast SEO plugin v27.5 - https:\/\/yoast.com\/product\/yoast-seo-wordpress\/ -->\n<title>Mi a TWI? - LEI<\/title>\n<meta name=\"description\" content=\"A TWI alapt\u00e9zise: a dolgoz\u00f3t \u00fagy kell betan\u00edtani, hogy helyesen, biztons\u00e1gosan \u00e9s lelkiismeretesen tudja elv\u00e9gezni munk\u00e1j\u00e1t.\" \/>\n<meta name=\"robots\" content=\"index, follow, max-snippet:-1, max-image-preview:large, max-video-preview:-1\" \/>\n<link rel=\"canonical\" href=\"https:\/\/lean.org.hu\/en\/alapok\/mi-a-twi\/\" \/>\n<meta property=\"og:locale\" content=\"en_GB\" \/>\n<meta property=\"og:type\" content=\"article\" \/>\n<meta property=\"og:title\" content=\"Mi a TWI? - LEI\" \/>\n<meta property=\"og:description\" content=\"A TWI alapt\u00e9zise: a dolgoz\u00f3t \u00fagy kell betan\u00edtani, hogy helyesen, biztons\u00e1gosan \u00e9s lelkiismeretesen tudja elv\u00e9gezni munk\u00e1j\u00e1t.\" \/>\n<meta property=\"og:url\" content=\"https:\/\/lean.org.hu\/en\/alapok\/mi-a-twi\/\" \/>\n<meta property=\"og:site_name\" content=\"LEI\" \/>\n<meta property=\"article:publisher\" content=\"https:\/\/www.facebook.com\/LEI.Hungary\" \/>\n<meta property=\"article:published_time\" content=\"2021-03-26T10:12:00+00:00\" \/>\n<meta property=\"article:modified_time\" content=\"2023-02-13T10:43:57+00:00\" \/>\n<meta property=\"og:image\" content=\"https:\/\/lean.org.hu\/wp-content\/uploads\/2021\/03\/Mi-a-TWI_SEO_1200x628.jpg\" \/>\n\t<meta property=\"og:image:width\" content=\"1200\" \/>\n\t<meta property=\"og:image:height\" content=\"628\" \/>\n\t<meta property=\"og:image:type\" content=\"image\/jpeg\" \/>\n<meta name=\"author\" content=\"nesicz.regina\" \/>\n<meta name=\"twitter:card\" content=\"summary_large_image\" \/>\n<meta name=\"twitter:label1\" content=\"Written by\" \/>\n\t<meta name=\"twitter:data1\" content=\"nesicz.regina\" \/>\n\t<meta name=\"twitter:label2\" content=\"Estimated reading time\" \/>\n\t<meta name=\"twitter:data2\" content=\"7 minutes\" \/>\n<script type=\"application\/ld+json\" class=\"yoast-schema-graph\">{\"@context\":\"https:\\\/\\\/schema.org\",\"@graph\":[{\"@type\":\"Article\",\"@id\":\"https:\\\/\\\/lean.org.hu\\\/alapok\\\/mi-a-twi\\\/#article\",\"isPartOf\":{\"@id\":\"https:\\\/\\\/lean.org.hu\\\/lean-cikkek\\\/mi-a-twi\\\/\"},\"author\":{\"name\":\"nesicz.regina\",\"@id\":\"https:\\\/\\\/lean.org.hu\\\/#\\\/schema\\\/person\\\/b3a35e1e0731cc7e3492f4d57685366d\"},\"headline\":\"Mi a TWI?\",\"datePublished\":\"2021-03-26T10:12:00+00:00\",\"dateModified\":\"2023-02-13T10:43:57+00:00\",\"mainEntityOfPage\":{\"@id\":\"https:\\\/\\\/lean.org.hu\\\/lean-cikkek\\\/mi-a-twi\\\/\"},\"wordCount\":1712,\"publisher\":{\"@id\":\"https:\\\/\\\/lean.org.hu\\\/#organization\"},\"image\":{\"@id\":\"https:\\\/\\\/lean.org.hu\\\/alapok\\\/mi-a-twi\\\/#primaryimage\"},\"thumbnailUrl\":\"https:\\\/\\\/lean.org.hu\\\/wp-content\\\/uploads\\\/2021\\\/03\\\/Mi-a-TWI_SEO_1200x628.jpg\",\"keywords\":[\"alapok\",\"eszk\u00f6z\u00f6k\",\"termel\u00e9s\",\"TWI\"],\"articleSection\":[\"alapok\",\"Tud\u00e1sb\u00e1zis\"],\"inLanguage\":\"en-GB\"},{\"@type\":\"WebPage\",\"@id\":\"https:\\\/\\\/lean.org.hu\\\/lean-cikkek\\\/mi-a-twi\\\/\",\"url\":\"https:\\\/\\\/lean.org.hu\\\/alapok\\\/mi-a-twi\\\/\",\"name\":\"Mi a TWI? - LEI\",\"isPartOf\":{\"@id\":\"https:\\\/\\\/lean.org.hu\\\/#website\"},\"primaryImageOfPage\":{\"@id\":\"https:\\\/\\\/lean.org.hu\\\/alapok\\\/mi-a-twi\\\/#primaryimage\"},\"image\":{\"@id\":\"https:\\\/\\\/lean.org.hu\\\/alapok\\\/mi-a-twi\\\/#primaryimage\"},\"thumbnailUrl\":\"https:\\\/\\\/lean.org.hu\\\/wp-content\\\/uploads\\\/2021\\\/03\\\/Mi-a-TWI_SEO_1200x628.jpg\",\"datePublished\":\"2021-03-26T10:12:00+00:00\",\"dateModified\":\"2023-02-13T10:43:57+00:00\",\"description\":\"A TWI alapt\u00e9zise: a dolgoz\u00f3t \u00fagy kell betan\u00edtani, hogy helyesen, biztons\u00e1gosan \u00e9s lelkiismeretesen tudja elv\u00e9gezni munk\u00e1j\u00e1t.\",\"breadcrumb\":{\"@id\":\"https:\\\/\\\/lean.org.hu\\\/alapok\\\/mi-a-twi\\\/#breadcrumb\"},\"inLanguage\":\"en-GB\",\"potentialAction\":[{\"@type\":\"ReadAction\",\"target\":[\"https:\\\/\\\/lean.org.hu\\\/alapok\\\/mi-a-twi\\\/\"]}]},{\"@type\":\"ImageObject\",\"inLanguage\":\"en-GB\",\"@id\":\"https:\\\/\\\/lean.org.hu\\\/alapok\\\/mi-a-twi\\\/#primaryimage\",\"url\":\"https:\\\/\\\/lean.org.hu\\\/wp-content\\\/uploads\\\/2021\\\/03\\\/Mi-a-TWI_SEO_1200x628.jpg\",\"contentUrl\":\"https:\\\/\\\/lean.org.hu\\\/wp-content\\\/uploads\\\/2021\\\/03\\\/Mi-a-TWI_SEO_1200x628.jpg\",\"width\":1200,\"height\":628,\"caption\":\"Mi a TWI?\"},{\"@type\":\"BreadcrumbList\",\"@id\":\"https:\\\/\\\/lean.org.hu\\\/alapok\\\/mi-a-twi\\\/#breadcrumb\",\"itemListElement\":[{\"@type\":\"ListItem\",\"position\":1,\"name\":\"Kezd\u0151lap\",\"item\":\"https:\\\/\\\/lean.org.hu\\\/\"},{\"@type\":\"ListItem\",\"position\":2,\"name\":\"Mi a TWI?\"}]},{\"@type\":\"WebSite\",\"@id\":\"https:\\\/\\\/lean.org.hu\\\/#website\",\"url\":\"https:\\\/\\\/lean.org.hu\\\/\",\"name\":\"LEI\",\"description\":\"\",\"publisher\":{\"@id\":\"https:\\\/\\\/lean.org.hu\\\/#organization\"},\"potentialAction\":[{\"@type\":\"SearchAction\",\"target\":{\"@type\":\"EntryPoint\",\"urlTemplate\":\"https:\\\/\\\/lean.org.hu\\\/?s={search_term_string}\"},\"query-input\":{\"@type\":\"PropertyValueSpecification\",\"valueRequired\":true,\"valueName\":\"search_term_string\"}}],\"inLanguage\":\"en-GB\"},{\"@type\":\"Organization\",\"@id\":\"https:\\\/\\\/lean.org.hu\\\/#organization\",\"name\":\"LEI\",\"url\":\"https:\\\/\\\/lean.org.hu\\\/\",\"logo\":{\"@type\":\"ImageObject\",\"inLanguage\":\"en-GB\",\"@id\":\"https:\\\/\\\/lean.org.hu\\\/#\\\/schema\\\/logo\\\/image\\\/\",\"url\":\"https:\\\/\\\/lean.org.hu\\\/wp-content\\\/uploads\\\/2020\\\/07\\\/cropped-lean_logo_final_color_horizontal.png\",\"contentUrl\":\"https:\\\/\\\/lean.org.hu\\\/wp-content\\\/uploads\\\/2020\\\/07\\\/cropped-lean_logo_final_color_horizontal.png\",\"width\":779,\"height\":288,\"caption\":\"LEI\"},\"image\":{\"@id\":\"https:\\\/\\\/lean.org.hu\\\/#\\\/schema\\\/logo\\\/image\\\/\"},\"sameAs\":[\"https:\\\/\\\/www.facebook.com\\\/LEI.Hungary\",\"https:\\\/\\\/www.linkedin.com\\\/company\\\/lean-enterprise-institute-hungary\"]},{\"@type\":\"Person\",\"@id\":\"https:\\\/\\\/lean.org.hu\\\/#\\\/schema\\\/person\\\/b3a35e1e0731cc7e3492f4d57685366d\",\"name\":\"nesicz.regina\",\"image\":{\"@type\":\"ImageObject\",\"inLanguage\":\"en-GB\",\"@id\":\"https:\\\/\\\/secure.gravatar.com\\\/avatar\\\/82e6ace1f37342762993b93a43500b1882b5b6454e475141eab9afdd14434f8f?s=96&d=mm&r=g\",\"url\":\"https:\\\/\\\/secure.gravatar.com\\\/avatar\\\/82e6ace1f37342762993b93a43500b1882b5b6454e475141eab9afdd14434f8f?s=96&d=mm&r=g\",\"contentUrl\":\"https:\\\/\\\/secure.gravatar.com\\\/avatar\\\/82e6ace1f37342762993b93a43500b1882b5b6454e475141eab9afdd14434f8f?s=96&d=mm&r=g\",\"caption\":\"nesicz.regina\"}}]}<\/script>\n<!-- \/ Yoast SEO plugin. -->","yoast_head_json":{"title":"Mi a TWI? - LEI","description":"A TWI alapt\u00e9zise: a dolgoz\u00f3t \u00fagy kell betan\u00edtani, hogy helyesen, biztons\u00e1gosan \u00e9s lelkiismeretesen tudja elv\u00e9gezni munk\u00e1j\u00e1t.","robots":{"index":"index","follow":"follow","max-snippet":"max-snippet:-1","max-image-preview":"max-image-preview:large","max-video-preview":"max-video-preview:-1"},"canonical":"https:\/\/lean.org.hu\/en\/alapok\/mi-a-twi\/","og_locale":"en_GB","og_type":"article","og_title":"Mi a TWI? - LEI","og_description":"A TWI alapt\u00e9zise: a dolgoz\u00f3t \u00fagy kell betan\u00edtani, hogy helyesen, biztons\u00e1gosan \u00e9s lelkiismeretesen tudja elv\u00e9gezni munk\u00e1j\u00e1t.","og_url":"https:\/\/lean.org.hu\/en\/alapok\/mi-a-twi\/","og_site_name":"LEI","article_publisher":"https:\/\/www.facebook.com\/LEI.Hungary","article_published_time":"2021-03-26T10:12:00+00:00","article_modified_time":"2023-02-13T10:43:57+00:00","og_image":[{"width":1200,"height":628,"url":"https:\/\/lean.org.hu\/wp-content\/uploads\/2021\/03\/Mi-a-TWI_SEO_1200x628.jpg","type":"image\/jpeg"}],"author":"nesicz.regina","twitter_card":"summary_large_image","twitter_misc":{"Written by":"nesicz.regina","Estimated reading time":"7 minutes"},"schema":{"@context":"https:\/\/schema.org","@graph":[{"@type":"Article","@id":"https:\/\/lean.org.hu\/alapok\/mi-a-twi\/#article","isPartOf":{"@id":"https:\/\/lean.org.hu\/lean-cikkek\/mi-a-twi\/"},"author":{"name":"nesicz.regina","@id":"https:\/\/lean.org.hu\/#\/schema\/person\/b3a35e1e0731cc7e3492f4d57685366d"},"headline":"Mi a TWI?","datePublished":"2021-03-26T10:12:00+00:00","dateModified":"2023-02-13T10:43:57+00:00","mainEntityOfPage":{"@id":"https:\/\/lean.org.hu\/lean-cikkek\/mi-a-twi\/"},"wordCount":1712,"publisher":{"@id":"https:\/\/lean.org.hu\/#organization"},"image":{"@id":"https:\/\/lean.org.hu\/alapok\/mi-a-twi\/#primaryimage"},"thumbnailUrl":"https:\/\/lean.org.hu\/wp-content\/uploads\/2021\/03\/Mi-a-TWI_SEO_1200x628.jpg","keywords":["alapok","eszk\u00f6z\u00f6k","termel\u00e9s","TWI"],"articleSection":["alapok","Tud\u00e1sb\u00e1zis"],"inLanguage":"en-GB"},{"@type":"WebPage","@id":"https:\/\/lean.org.hu\/lean-cikkek\/mi-a-twi\/","url":"https:\/\/lean.org.hu\/alapok\/mi-a-twi\/","name":"Mi a TWI? - LEI","isPartOf":{"@id":"https:\/\/lean.org.hu\/#website"},"primaryImageOfPage":{"@id":"https:\/\/lean.org.hu\/alapok\/mi-a-twi\/#primaryimage"},"image":{"@id":"https:\/\/lean.org.hu\/alapok\/mi-a-twi\/#primaryimage"},"thumbnailUrl":"https:\/\/lean.org.hu\/wp-content\/uploads\/2021\/03\/Mi-a-TWI_SEO_1200x628.jpg","datePublished":"2021-03-26T10:12:00+00:00","dateModified":"2023-02-13T10:43:57+00:00","description":"A TWI alapt\u00e9zise: a dolgoz\u00f3t \u00fagy kell betan\u00edtani, hogy helyesen, biztons\u00e1gosan \u00e9s lelkiismeretesen tudja elv\u00e9gezni munk\u00e1j\u00e1t.","breadcrumb":{"@id":"https:\/\/lean.org.hu\/alapok\/mi-a-twi\/#breadcrumb"},"inLanguage":"en-GB","potentialAction":[{"@type":"ReadAction","target":["https:\/\/lean.org.hu\/alapok\/mi-a-twi\/"]}]},{"@type":"ImageObject","inLanguage":"en-GB","@id":"https:\/\/lean.org.hu\/alapok\/mi-a-twi\/#primaryimage","url":"https:\/\/lean.org.hu\/wp-content\/uploads\/2021\/03\/Mi-a-TWI_SEO_1200x628.jpg","contentUrl":"https:\/\/lean.org.hu\/wp-content\/uploads\/2021\/03\/Mi-a-TWI_SEO_1200x628.jpg","width":1200,"height":628,"caption":"Mi a TWI?"},{"@type":"BreadcrumbList","@id":"https:\/\/lean.org.hu\/alapok\/mi-a-twi\/#breadcrumb","itemListElement":[{"@type":"ListItem","position":1,"name":"Kezd\u0151lap","item":"https:\/\/lean.org.hu\/"},{"@type":"ListItem","position":2,"name":"Mi a TWI?"}]},{"@type":"WebSite","@id":"https:\/\/lean.org.hu\/#website","url":"https:\/\/lean.org.hu\/","name":"LEI","description":"","publisher":{"@id":"https:\/\/lean.org.hu\/#organization"},"potentialAction":[{"@type":"SearchAction","target":{"@type":"EntryPoint","urlTemplate":"https:\/\/lean.org.hu\/?s={search_term_string}"},"query-input":{"@type":"PropertyValueSpecification","valueRequired":true,"valueName":"search_term_string"}}],"inLanguage":"en-GB"},{"@type":"Organization","@id":"https:\/\/lean.org.hu\/#organization","name":"LEI","url":"https:\/\/lean.org.hu\/","logo":{"@type":"ImageObject","inLanguage":"en-GB","@id":"https:\/\/lean.org.hu\/#\/schema\/logo\/image\/","url":"https:\/\/lean.org.hu\/wp-content\/uploads\/2020\/07\/cropped-lean_logo_final_color_horizontal.png","contentUrl":"https:\/\/lean.org.hu\/wp-content\/uploads\/2020\/07\/cropped-lean_logo_final_color_horizontal.png","width":779,"height":288,"caption":"LEI"},"image":{"@id":"https:\/\/lean.org.hu\/#\/schema\/logo\/image\/"},"sameAs":["https:\/\/www.facebook.com\/LEI.Hungary","https:\/\/www.linkedin.com\/company\/lean-enterprise-institute-hungary"]},{"@type":"Person","@id":"https:\/\/lean.org.hu\/#\/schema\/person\/b3a35e1e0731cc7e3492f4d57685366d","name":"nesicz.regina","image":{"@type":"ImageObject","inLanguage":"en-GB","@id":"https:\/\/secure.gravatar.com\/avatar\/82e6ace1f37342762993b93a43500b1882b5b6454e475141eab9afdd14434f8f?s=96&d=mm&r=g","url":"https:\/\/secure.gravatar.com\/avatar\/82e6ace1f37342762993b93a43500b1882b5b6454e475141eab9afdd14434f8f?s=96&d=mm&r=g","contentUrl":"https:\/\/secure.gravatar.com\/avatar\/82e6ace1f37342762993b93a43500b1882b5b6454e475141eab9afdd14434f8f?s=96&d=mm&r=g","caption":"nesicz.regina"}}]}},"_links":{"self":[{"href":"https:\/\/lean.org.hu\/en\/wp-json\/wp\/v2\/posts\/4894","targetHints":{"allow":["GET"]}}],"collection":[{"href":"https:\/\/lean.org.hu\/en\/wp-json\/wp\/v2\/posts"}],"about":[{"href":"https:\/\/lean.org.hu\/en\/wp-json\/wp\/v2\/types\/post"}],"author":[{"embeddable":true,"href":"https:\/\/lean.org.hu\/en\/wp-json\/wp\/v2\/users\/9"}],"replies":[{"embeddable":true,"href":"https:\/\/lean.org.hu\/en\/wp-json\/wp\/v2\/comments?post=4894"}],"version-history":[{"count":5,"href":"https:\/\/lean.org.hu\/en\/wp-json\/wp\/v2\/posts\/4894\/revisions"}],"predecessor-version":[{"id":139878,"href":"https:\/\/lean.org.hu\/en\/wp-json\/wp\/v2\/posts\/4894\/revisions\/139878"}],"wp:featuredmedia":[{"embeddable":true,"href":"https:\/\/lean.org.hu\/en\/wp-json\/wp\/v2\/media\/4910"}],"wp:attachment":[{"href":"https:\/\/lean.org.hu\/en\/wp-json\/wp\/v2\/media?parent=4894"}],"wp:term":[{"taxonomy":"category","embeddable":true,"href":"https:\/\/lean.org.hu\/en\/wp-json\/wp\/v2\/categories?post=4894"},{"taxonomy":"post_tag","embeddable":true,"href":"https:\/\/lean.org.hu\/en\/wp-json\/wp\/v2\/tags?post=4894"}],"curies":[{"name":"wp","href":"https:\/\/api.w.org\/{rel}","templated":true}]}}