{"id":2086,"date":"2017-03-12T06:44:00","date_gmt":"2017-03-12T06:44:00","guid":{"rendered":"http:\/\/generaciokpartnere.hu\/leiwp\/?p=2086"},"modified":"2023-07-20T08:32:35","modified_gmt":"2023-07-20T06:32:35","slug":"hogyan-ertekeljuk-a-lean-sikeret","status":"publish","type":"post","link":"https:\/\/lean.org.hu\/en\/kultura\/hogyan-ertekeljuk-a-lean-sikeret\/","title":{"rendered":"Hogyan \u00e9rt\u00e9kelj\u00fck a lean siker\u00e9t?"},"content":{"rendered":"<p><strong>Sokan k\u00e9rdezik t\u0151lem, hogyan \u00e9rt\u00e9kelj\u00fck a lean siker\u00e9t? A lean egy \u00fat, \u00e9s v\u00e9lem\u00e9nyem szerint a siker meg\u00edt\u00e9l\u00e9s\u00e9nek legjobb m\u00f3dja az, hogy azt h\u00e1ny ember j\u00e1rta be ez id\u00e1ig \u00e9s mennyire \u00e1llnak k\u00e9szen az \u00fat k\u00f6vetkez\u0151 l\u00e9p\u00e9s\u00e9nek megt\u00e9tel\u00e9re.<\/strong><\/p>\n\n\n\n<p><em>A szakmai h\u00edrlev\u00e9l elolvas\u00e1s\u00e1hoz sz\u00fcks\u00e9ges id\u0151:&nbsp;kb. 6 perc<\/em><\/p>\n\n\n\n<p><strong><em>Szerz\u0151:<\/em><\/strong><em> Daniel T. Jones<\/em><\/p>\n\n\n\n<p>Gyakran tal\u00e1lkozom emberekkel, akik az hangoztatj\u00e1k:&nbsp;<strong>\u201cA lean megv\u00e1ltoztatta az \u00e9letem\u201d<\/strong>. Ez egyr\u00e9szr\u0151l meger\u0151s\u00edti, hogy \u00e9rdemes k\u00f6nyveket \u00edrni, m\u00e1sr\u00e9szr\u0151l lehet\u0151s\u00e9get ad arra, hogy feltegy\u00fcnk p\u00e1r provokat\u00edv k\u00e9rd\u00e9st. Meg tudj\u00e1k nekem mutatni, hogyan v\u00e1ltoztatta meg a lean koll\u00e9g\u00e1ikkal val\u00f3 egy\u00fcttm\u0171k\u00f6d\u00e9s\u00fcket \u00e9s napi munk\u00e1jukat? P\u00e9ld\u00e1ul val\u00f3ban csapatban dolgoznak-e egy\u00fctt, meghat\u00e1rozva saj\u00e1t szabv\u00e1nyos munkav\u00e9gz\u00e9s\u00fcket, vizu\u00e1lisan megjelen\u00edtve a jelenlegi helyzetet a tervhez k\u00e9pest, valamint megoldva azokat a probl\u00e9m\u00e1kat, amik megakad\u00e1lyozz\u00e1k, hogy a megfelel\u0151 tev\u00e9kenys\u00e9geket v\u00e9gezz\u00e9k az \u00fcgyfelek \u00e9s a v\u00e1llalatuk sz\u00e1m\u00e1ra? Ez sokkal t\u00f6bbet mond nekem, mint az, hogy mennyi k\u00e9pz\u00e9st vagy Kaizen hetet bonyol\u00edtottak le.<\/p>\n\n\n\n<p>Ezek ut\u00e1n megk\u00e9rem \u0151ket, mutass\u00e1k meg, vajon a lean lehet\u0151v\u00e9 tette-e sz\u00e1mukra az \u0151ket \u00e9rint\u0151 munka \u00e1raml\u00e1s\u00e1nak vagy az \u00e9rt\u00e9kfolyamatnak a megv\u00e1ltoztat\u00e1s\u00e1t. Seg\u00edtette-e a lean a k\u00e1oszb\u00f3l a&nbsp;<strong>stabilit\u00e1s<\/strong>&nbsp;megteremt\u00e9s\u00e9t, a munka&nbsp;<strong>kiegyens\u00falyoz\u00e1s\u00e1t&nbsp;<\/strong>\u00e9s a vev\u0151i ig\u00e9nyekkel val\u00f3 \u00f6sszhangba \u00e1ll\u00edt\u00e1s\u00e1t? Val\u00f3ban tiszt\u00e1ban vannak-e vele, hogy kik az \u0151 k\u00f6zvetlen \u00e9s v\u00e9gs\u0151 vev\u0151ik \u00e9s meg tudj\u00e1k-e k\u00fcl\u00f6nb\u00f6ztetni a&nbsp;<strong>val\u00f3s ig\u00e9nyt<\/strong>&nbsp;a mesters\u00e9gest\u0151l? A v\u00e1laszaikb\u00f3l \u00e9s \u00e9rt\u00e9kfolyamat t\u00e9rk\u00e9p\u00fck \u00e1ttekint\u00e9s\u00e9b\u0151l hamar vil\u00e1goss\u00e1 v\u00e1lik, hogy mekkora r\u00e9szt l\u00e1tnak teljes \u00e9rt\u00e9kfolyamatukb\u00f3l, k\u00fcl\u00f6n\u00f6sen a saj\u00e1t ter\u00fclet\u00fck\u00f6n, \u00fczem\u00fck\u00f6n, oszt\u00e1lyukon vagy szervezet\u00fck\u00f6n t\u00fal. Az is k\u00f6nnyen \u00e9szrevehet\u0151, ha az alapvet\u0151 logika mer\u0151ben megv\u00e1ltozott \u2013 sz\u00e9ri\u00e1kb\u00f3l folyamatos \u00e1raml\u00e1s, tol\u00f3 elvb\u0151l h\u00faz\u00f3elv stb.<\/p>\n\n\n\n<p>A k\u00f6vetkez\u0151 l\u00e9p\u00e9s megk\u00e9rdezni, vajon siker\u00fclt-e&nbsp;<strong>\u00f6sszekapcsolni&nbsp;<\/strong>az \u00f6sszes lean fejleszt\u00e9st az \u00e9rt\u00e9kfolyamatuk ment\u00e9n, ez\u00e1ltal a vev\u0151k sz\u00e1m\u00e1ra jelent\u0151s eredm\u00e9nyeket el\u00e9rni a min\u0151s\u00e9g, sz\u00e1ll\u00edt\u00e1s, k\u00f6lts\u00e9gek ter\u00e9n, valamint \u00fczleti eredm\u00e9nyeikben a felszabadult p\u00e9nz, nagyobb termel\u00e9kenys\u00e9g \u00e9s a n\u00f6vekv\u0151 elad\u00e1sok vonatkoz\u00e1s\u00e1ban, megsp\u00f3rolva vagy k\u00e9s\u0151bbre halasztva ezzel t\u0151keberuh\u00e1z\u00e1sokat. Mindezek felett ezeket az eredm\u00e9nyeket \u00e9rz\u00e9kelte-e a fels\u0151 vezet\u00e9s, hiszen egy j\u00f3 folyamat bemutat\u00e1s\u00e1nak legjobb m\u00f3dja a j\u00f3 eredm\u00e9nyek sz\u00e1ll\u00edt\u00e1sa, amely n\u00e9lk\u00fcl\u00f6zhetetlen a lean fentr\u0151l j\u00f6v\u0151 t\u00e1mogat\u00e1s\u00e1nak fenntart\u00e1s\u00e1hoz.<\/p>\n\n\n<div class=\"wp-block-image\">\n<figure class=\"alignright size-large is-resized\"><img decoding=\"async\" src=\"https:\/\/lean.org.hu\/wp-content\/uploads\/2020\/09\/K\u00e9p01-12.jpg\" alt=\"Csapatmunka grafika \" class=\"wp-image-2095\" width=\"172\" height=\"188\" srcset=\"https:\/\/lean.org.hu\/wp-content\/uploads\/2020\/09\/K\u00e9p01-12.jpg 234w, https:\/\/lean.org.hu\/wp-content\/uploads\/2020\/09\/K\u00e9p01-12-200x219.jpg 200w\" sizes=\"(max-width: 172px) 100vw, 172px\" \/><\/figure><\/div>\n\n\n<p>Ahogy megtanuljuk gyakorlatban alkalmazni az&nbsp;<a href=\"https:\/\/lean.org.hu\/en\/konyvesbolt\/vezesd-a-tanulast-managing-to-learn-a3\/\" target=\"_blank\" rel=\"noreferrer noopener\">A3 tudom\u00e1nyos m\u00f3dszer\u00e9t<\/a>, egyre t\u00f6bbsz\u00f6r hallom a vezet\u0151ket, azt hangoztatni:&nbsp;<strong>\u201eA lean megv\u00e1ltoztatta gondolkod\u00e1somat\u201d<\/strong>. \u201cMost azzal kezdem, hogy megk\u00e9rdezem, mi az a probl\u00e9ma, amire a megold\u00e1st keresem, \u00e9s hogy mennyire fontos, hogy pont ez, nem pedig sok m\u00e1s probl\u00e9ma old\u00f3djon meg.\u201d A3-jaik \u00e1ttekint\u00e9se sokat el\u00e1rul az A3 \u00e1ltal elmondott t\u00f6rt\u00e9netek m\u00f6g\u00f6tti gondolkod\u00e1si folyamatr\u00f3l. Min\u00e9l kev\u00e9sb\u00e9 kidolgozott \u2013 ink\u00e1bb ceruza \u00e9s rad\u00edr, mint PowerPoint bemutat\u00f3 \u2013 \u00e9s min\u00e9l vizu\u00e1lisabb \u2013 t\u00f6bb k\u00e9p \u00e9s kevesebb sz\u00f3 \u2013 ann\u00e1l jobban gy\u00f6keret vetett ez a szeml\u00e9let. Az A3 portf\u00f3li\u00f3juk a kor\u00e1bban megoldott probl\u00e9m\u00e1k k\u00f6r\u00e9t \u00e9s m\u00e9lys\u00e9g\u00e9t is el\u00e1rulja.<\/p>\n\n\n\n<p>Ezek ut\u00e1n megk\u00e9rem a vezet\u0151ket, vigyenek el egy Gemba s\u00e9t\u00e1ra \u2013 azon a ter\u00fcleten, mely\u00e9rt \u0151k a felel\u0151sek -, annak \u00e9rdek\u00e9ben, hogy kider\u00fclj\u00f6n ez a szeml\u00e9let milyen m\u00e9lyen terjedt el \u00e9s hatott a d\u00f6nt\u00e9shozatalra. L\u00e1that\u00f3ak a kulcsfontoss\u00e1g\u00fa c\u00e9lkit\u0171z\u00e9sek, a munkafolyamat jelen \u00e1llapota a tervhez viszony\u00edtva, \u00e9s az aktu\u00e1lis probl\u00e9m\u00e1k, tov\u00e1bb\u00e1 azok rendszeres fel\u00fclvizsg\u00e1lat\u00e1nak&nbsp;<strong>helysz\u00edne a Gemba<\/strong>, vagy a d\u00f6nt\u00e9sek m\u00e9g mindig egy irod\u00e1ban \u00e1tn\u00e9zett adatokon alapulnak? A probl\u00e9m\u00e1kra val\u00f3 gyors reakci\u00f3 \u00e9rdek\u00e9ben hozott eszkal\u00e1l\u00f3 folyamatok vil\u00e1gosak \u00e9s mindenki elk\u00f6telezett a projekt A3 lapok st\u00e1tusz\u00e1nak napi vagy heti rendszeress\u00e9g\u0171 fel\u00fclvizsg\u00e1lat\u00e1ban? A vezet\u00e9s alkalmaz A3-akat a magasabb szint\u0171 c\u00e9lok napi teend\u0151kk\u00e9 bont\u00e1s\u00e1ra \u00e9s az \u00e9rt\u00e9kfolyamatban r\u00e9sztvev\u0151 csapatok k\u00f6zti p\u00e1rbesz\u00e9d kialak\u00edt\u00e1s\u00e1ra, tov\u00e1bb\u00e1 haszn\u00e1lj\u00e1k ezeket a projekteket arra, hogy mentor\u00e1lj\u00e1k a munkat\u00e1rsaikat e tudom\u00e1nyos m\u00f3dszer alkalmaz\u00e1s\u00e1ban?<\/p>\n\n\n\n<p>Majd megk\u00e9rdezem, hogy a gondolkod\u00e1sm\u00f3d e tudom\u00e1nyos megk\u00f6zel\u00edt\u00e9se jav\u00edtotta-e a termel\u00e9kenys\u00e9get \u00e9s a menedzsment hat\u00e9konys\u00e1g\u00e1t, k\u00fcl\u00f6n\u00f6sk\u00e9ppen az idej\u00fck kihaszn\u00e1l\u00e1s\u00e1t illet\u0151en. Val\u00f3ban azokra az alapvet\u0151 tev\u00e9kenys\u00e9gekre \u00f6sszpontos\u00edtanak, amelyek a legnagyobb v\u00e1ltoz\u00e1st hozz\u00e1k c\u00e9ljaik el\u00e9r\u00e9s\u00e9ben, \u00e9s k\u00f6zben teljes meggy\u0151z\u0151d\u00e9ssel szelekt\u00e1lj\u00e1k a t\u00f6bbit? Sokkal kevesebb id\u0151t t\u00f6ltenek v\u00e9gel\u00e1thatatlan megbesz\u00e9l\u00e9seken, \u00e9s ann\u00e1l t\u00f6bbet a fejl\u0151d\u00e9s \u00e9s a projektek fel\u00fclvizsg\u00e1lat\u00e1val a Gemb\u00e1n? A folyamataikban l\u00e9v\u0151 nagyobb stabilit\u00e1s szabad\u00edtott-e fel addig t\u0171zolt\u00e1sra ford\u00edtott id\u0151t, ami most a fejleszt\u00e9si tev\u00e9kenys\u00e9gek&nbsp;<strong>vezet\u00e9s\u00e9re \u00e9s mentor\u00e1l\u00e1s\u00e1ra ford\u00edthat\u00f3<\/strong>?<\/p>\n\n\n<div class=\"wp-block-image\">\n<figure class=\"alignright size-large is-resized\"><img decoding=\"async\" src=\"https:\/\/lean.org.hu\/wp-content\/uploads\/2020\/09\/K\u00e9p02-9.jpg\" alt=\"A3 grafika\" class=\"wp-image-2096\" width=\"162\" height=\"239\" srcset=\"https:\/\/lean.org.hu\/wp-content\/uploads\/2020\/09\/K\u00e9p02-9.jpg 253w, https:\/\/lean.org.hu\/wp-content\/uploads\/2020\/09\/K\u00e9p02-9-200x295.jpg 200w, https:\/\/lean.org.hu\/wp-content\/uploads\/2020\/09\/K\u00e9p02-9-203x300.jpg 203w\" sizes=\"(max-width: 162px) 100vw, 162px\" \/><\/figure><\/div>\n\n\n<p>Mostan\u00e1ban azt hallom a vezet\u0151kt\u0151l, hogy a&nbsp;<strong>\u201cLean azt jelenti, v\u00e1ltoztatnunk kell vezet\u0151i m\u00f3dszereinken\u201d<\/strong>. Igen, azt! Ez egy fontos l\u00e9pcs\u0151fok, amikor a fels\u0151vezet\u0151k felismerik, hogy nekik kell ir\u00e1ny\u00edtaniuk a lean \u00e1talakul\u00e1sokat, \u00e9s az egy\u00fcttm\u0171k\u00f6d\u00e9s \u00e9s gondolkod\u00e1sm\u00f3d \u00faj m\u00f3dszereit a teljes\u00edtm\u00e9ny\u00fck azon hi\u00e1nyoss\u00e1gainak megsz\u00fcntet\u00e9s\u00e9re kell f\u00f3kusz\u00e1lniuk, amelyek a legnagyobb v\u00e1ltoz\u00e1st jelentik v\u00e1llalkoz\u00e1suk \u00e9s vev\u0151ik sz\u00e1m\u00e1ra. A l\u00e9tfontoss\u00e1g\u00fa fejl\u0151d\u00e9si pontokr\u00f3l sz\u00f3l\u00f3 vit\u00e1k vizu\u00e1lisan l\u00e1that\u00f3ak egy Oobeya teremben, \u00e9s azok kulcs projektekk\u00e9 \u00e9s tev\u00e9kenys\u00e9gekk\u00e9 alakulnak a strat\u00e9giai c\u00e9lok lebont\u00e1s\u00e1nak eszk\u00f6z\u00e9vel? Minden er\u0151forr\u00e1s biztos\u00edtott a kulcs projektek sz\u00e1m\u00e1ra, mik\u00f6zben a t\u00f6bbi projektet le\u00e1ll\u00edtj\u00e1k?<\/p>\n\n\n\n<p>Ez a k\u00f6vetkez\u0151 fontos l\u00e9p\u00e9shez vezet, kijel\u00f6lni valakit a teljes folyamatot \u00e9rint\u0151&nbsp;<strong>projektek felel\u0151s\u00e9v\u00e9<\/strong>, hogy a kor\u00e1bban k\u00fcl\u00f6n kezelt tev\u00e9kenys\u00e9geket integr\u00e1lt munka\u00e1raml\u00e1ss\u00e1 vagy \u00e9rt\u00e9kfolyamatt\u00e1 alak\u00edtsa, bele\u00e9rtve az \u00f6sszes t\u00e1mogat\u00f3 folyamat szinkroniz\u00e1l\u00e1s\u00e1t. Egy \u00faj kih\u00edv\u00e1s ennek az \u00fajratervez\u00e9snek a megval\u00f3s\u00edt\u00e1s\u00e1hoz n\u00e9lk\u00fcl\u00f6zhetetlen, horizont\u00e1lis felel\u0151ss\u00e9g \u00e9s az er\u0151forr\u00e1sok vertik\u00e1lis fel\u00fcgyelete k\u00f6z\u00f6tti kapcsolat ir\u00e1ny\u00edt\u00e1sa. Felk\u00e9sz\u00fclt a szervezet, hogy belev\u00e1gjon abba a k\u00eds\u00e9rletez\u0151 folyamatba, amelynek sor\u00e1n megtanulja, ez hogyan m\u0171k\u00f6dik?<\/p>\n\n\n\n<p>A v\u00e9gs\u0151 kih\u00edv\u00e1s felismerni, hogy v\u00e9g\u00fcl a lean a vezet\u00e9s \u00e9s nem pedig a munkat\u00e1rsak felel\u0151ss\u00e9ge, \u00e9s a lean tud\u00e1st egym\u00e1st k\u00f6vet\u0151, ir\u00e1ny\u00edtott tapasztalatok \u2013 tapasztalati tanul\u00e1s \u2013 adj\u00e1k nem pedig a standard tr\u00e9ningek a k\u00f6zpont szakembereit\u0151l vagy k\u00fcls\u0151 tan\u00e1csad\u00f3kt\u00f3l. A lean \u00e1talakul\u00e1s ezen ir\u00e1ny\u00edtott tapasztalatok halmaz\u00e1ra \u00e9p\u00fcl, a tud\u00e1st gyakorl\u00f3 k\u00f6z\u00f6ss\u00e9gekre, valamint mindezek megoszt\u00e1s\u00e1ra elismer\u0151 \u00fcnnepl\u00e9seken \u00e9s projekt A3-ak intranet\u00e9n kereszt\u00fcl. Tapasztalatom alapj\u00e1n a miel\u0151bb&nbsp;<strong>\u201cl\u00e9pj\u00fcnk a tettek mezej\u00e9re\u201d<\/strong>&nbsp;megk\u00f6zel\u00edt\u00e9s nem csak gyorsabb eredm\u00e9nyeket gener\u00e1l, hanem \u201cf\u00e9nyt gy\u00fajt\u201d az emberek fej\u00e9ben, hogy id\u0151vel maguk\u00e9nak \u00e9rezz\u00e9k \u00e9s haszn\u00e1lj\u00e1k azt, semmint t\u00fal\u00e9ljenek egy \u00fajabb fel\u00fclr\u0151l \u00e9rkez\u0151 kezdem\u00e9nyez\u00e9st.<\/p>\n\n\n\n<p>Ahogy l\u00e1ttuk, a lean utaz\u00e1s egy tanul\u00e1si folyamat az&nbsp;<strong>egy\u00fcttm\u0171k\u00f6d\u00e9s<\/strong>, tudom\u00e1nyos&nbsp;<strong>gondolkod\u00e1sm\u00f3d&nbsp;<\/strong>\u00e9s&nbsp;<strong>szervezetek vezet\u00e9s\u00e9nek<\/strong>&nbsp;\u00fajfajta m\u00f3djair\u00f3l. Min\u00e9l t\u00f6bbet tudunk, ann\u00e1l ink\u00e1bb felismerj\u00fck, hogy m\u00e9g mennyi tanulnival\u00f3nk van!<\/p>\n\n\n\n<p><em>Forr\u00e1s:&nbsp;<a href=\"http:\/\/www.leanuk.org\/\" target=\"_blank\" rel=\"noreferrer noopener\">leanuk.org<\/a><\/em><em><br>A cikk eredeti, angol nyelv\u0171 v\u00e1ltozata&nbsp;<a href=\"http:\/\/www.leanuk.org\/article-pages\/articles\/2011\/june\/20\/how-to-judge-the-success-of-lean.aspx\" target=\"_blank\" rel=\"noreferrer noopener\">itt<\/a>&nbsp;olvashat\u00f3.<\/em><\/p>\n\n\n\n<p>K\u00e9rj\u00fck, amennyiben a ford\u00edt\u00e1ssal kapcsolatban \u00e9szrev\u00e9teled van, jelezd azt az&nbsp;<a rel=\"noreferrer noopener\" href=\"mailto:info@lean.org.hu\" target=\"_blank\">info@lean.org.hu<\/a>&nbsp;e-mail c\u00edmen.<\/p>\n\n\n\n<div class=\"wp-block-group\"><div class=\"wp-block-group__inner-container is-layout-flow wp-block-group-is-layout-flow\">\n<h2 class=\"wp-block-heading\">K\u00f6nyvaj\u00e1nl\u00f3<\/h2>\n\n\n\n<div class=\"wp-block-columns is-layout-flex wp-container-core-columns-is-layout-9d6595d7 wp-block-columns-is-layout-flex\">\n<div class=\"wp-block-column is-layout-flow wp-block-column-is-layout-flow\" style=\"flex-basis:66.66%\">\n<p>R\u00f6videbb \u00e1tfut\u00e1si id\u0151t szeretn\u00e9l el\u00e9rni?<br><\/p>\n\n\n\n<p>Szeretn\u00e9d alacsonyabb k\u00f6lts\u00e9gen m\u0171k\u00f6dtetni a folyamatokat?<br><\/p>\n\n\n\n<p>C\u00e9lodul t\u0171zted ki a vesztes\u00e9gforr\u00e1sok megsz\u00fcntet\u00e9s\u00e9t?<\/p>\n<\/div>\n\n\n\n<div class=\"wp-block-column is-layout-flow wp-block-column-is-layout-flow\" style=\"flex-basis:33.33%\">\n<div class=\"wp-block-image is-style-rounded\"><figure class=\"aligncenter size-large is-resized\"><a href=\"https:\/\/lean.org.hu\/en\/lean-konyvesbolt\/tanulj-meg-latni-learning-to-see-vsm\/\" target=\"_blank\" rel=\"noopener\"><img decoding=\"async\" src=\"https:\/\/lean.org.hu\/wp-content\/uploads\/2020\/11\/Tanulj-meg-la\u0301tni.jpg\" alt=\"Tanulj meg l\u00e1tni\" class=\"wp-image-3696\" width=\"173\" height=\"173\" srcset=\"https:\/\/lean.org.hu\/wp-content\/uploads\/2020\/11\/Tanulj-meg-la\u0301tni.jpg 300w, https:\/\/lean.org.hu\/wp-content\/uploads\/2020\/11\/Tanulj-meg-la\u0301tni-200x200.jpg 200w, https:\/\/lean.org.hu\/wp-content\/uploads\/2020\/11\/Tanulj-meg-la\u0301tni-100x100.jpg 100w, https:\/\/lean.org.hu\/wp-content\/uploads\/2020\/11\/Tanulj-meg-la\u0301tni-150x150.jpg 150w\" sizes=\"(max-width: 173px) 100vw, 173px\" \/><\/a><\/figure><\/div>\n<\/div>\n<\/div>\n\n\n\n<p><em>Az \u00e9rt\u00e9kfolyamat-t\u00e9rk\u00e9pez\u00e9snek nevezett m\u00f3dszer<\/em> kiv\u00e9telesen hat\u00e9kony eszk\u00f6z lehet a fenti c\u00e9lok megval\u00f3s\u00edt\u00e1sban. A m\u00f3dszer elsaj\u00e1t\u00edt\u00e1s\u00e1nak leghat\u00e9konyabb eszk\u00f6ze pedig <strong><em>Learning to See<\/em><\/strong> c\u00edm\u0171 k\u00f6nyv.<\/p>\n\n\n\n<div class=\"wp-block-buttons is-content-justification-center is-layout-flex wp-container-core-buttons-is-layout-16018d1d wp-block-buttons-is-layout-flex\">\n<div class=\"wp-block-button\"><a class=\"wp-block-button__link\" href=\"https:\/\/lean.org.hu\/en\/lean-konyvesbolt\/tanulj-meg-latni-learning-to-see-vsm\/\" style=\"border-radius:5px\" target=\"_blank\" rel=\"noreferrer noopener\">Rendeld meg most!<\/a><\/div>\n<\/div>\n<\/div><\/div>\n\n\n\n<p><\/p>","protected":false},"excerpt":{"rendered":"","protected":false},"author":9,"featured_media":2097,"comment_status":"closed","ping_status":"open","sticky":false,"template":"","format":"standard","meta":{"_eb_attr":"","footnotes":""},"categories":[37,17],"tags":[20,22],"class_list":["post-2086","post","type-post","status-publish","format-standard","has-post-thumbnail","hentry","category-kultura","category-lean-cikkek","tag-kultura","tag-vezetes","infinite-scroll-item","masonry-post","generate-columns","tablet-grid-50","mobile-grid-100","grid-parent","grid-33","no-featured-image-padding"],"featured_image_src":"https:\/\/lean.org.hu\/wp-content\/uploads\/2020\/09\/Hogyan-\u00e9rt\u00e9kelj\u00fck-a-lean-siker\u00e9t_SEO_1200x628.jpg","author_info":{"display_name":"nesicz.regina","author_link":"https:\/\/lean.org.hu\/en\/author\/nesicz-regina\/"},"yoast_head":"<!-- This site is optimized with the Yoast SEO plugin v27.5 - https:\/\/yoast.com\/product\/yoast-seo-wordpress\/ -->\n<title>Hogyan \u00e9rt\u00e9kelj\u00fck a lean siker\u00e9t? - Daniel T. Jones - LEI<\/title>\n<meta name=\"description\" content=\"Sokan k\u00e9rdezik t\u0151lem, hogyan \u00e9rt\u00e9kelj\u00fck a lean siker\u00e9t? A lean egy \u00fat, \u00e9s v\u00e9lem\u00e9nyem szerint a siker meg\u00edt\u00e9l\u00e9s\u00e9nek legjobb m\u00f3dja az...\" \/>\n<meta name=\"robots\" content=\"index, follow, max-snippet:-1, max-image-preview:large, max-video-preview:-1\" \/>\n<link rel=\"canonical\" href=\"https:\/\/lean.org.hu\/en\/kultura\/hogyan-ertekeljuk-a-lean-sikeret\/\" \/>\n<meta property=\"og:locale\" content=\"en_GB\" \/>\n<meta property=\"og:type\" content=\"article\" \/>\n<meta property=\"og:title\" content=\"Hogyan \u00e9rt\u00e9kelj\u00fck a lean siker\u00e9t?\" \/>\n<meta property=\"og:description\" content=\"Sokan k\u00e9rdezik t\u0151lem, hogyan \u00e9rt\u00e9kelj\u00fck a lean siker\u00e9t? A lean egy \u00fat, \u00e9s v\u00e9lem\u00e9nyem szerint a siker meg\u00edt\u00e9l\u00e9s\u00e9nek legjobb m\u00f3dja az...\" \/>\n<meta property=\"og:url\" content=\"https:\/\/lean.org.hu\/en\/kultura\/hogyan-ertekeljuk-a-lean-sikeret\/\" \/>\n<meta property=\"og:site_name\" content=\"LEI\" \/>\n<meta property=\"article:publisher\" content=\"https:\/\/www.facebook.com\/LEI.Hungary\" \/>\n<meta property=\"article:published_time\" content=\"2017-03-12T06:44:00+00:00\" \/>\n<meta property=\"article:modified_time\" content=\"2023-07-20T06:32:35+00:00\" \/>\n<meta property=\"og:image\" content=\"https:\/\/lean.org.hu\/wp-content\/uploads\/2020\/09\/Hogyan-\u00e9rt\u00e9kelj\u00fck-a-lean-siker\u00e9t_SEO_1200x628.jpg\" \/>\n\t<meta property=\"og:image:width\" content=\"1200\" \/>\n\t<meta property=\"og:image:height\" content=\"628\" \/>\n\t<meta property=\"og:image:type\" content=\"image\/jpeg\" \/>\n<meta name=\"author\" content=\"nesicz.regina\" \/>\n<meta name=\"twitter:card\" content=\"summary_large_image\" \/>\n<meta name=\"twitter:label1\" content=\"Written by\" \/>\n\t<meta name=\"twitter:data1\" content=\"nesicz.regina\" \/>\n\t<meta name=\"twitter:label2\" content=\"Estimated reading time\" \/>\n\t<meta name=\"twitter:data2\" content=\"6 minutes\" \/>\n<script type=\"application\/ld+json\" class=\"yoast-schema-graph\">{\"@context\":\"https:\\\/\\\/schema.org\",\"@graph\":[{\"@type\":\"Article\",\"@id\":\"https:\\\/\\\/lean.org.hu\\\/kultura\\\/hogyan-ertekeljuk-a-lean-sikeret\\\/#article\",\"isPartOf\":{\"@id\":\"https:\\\/\\\/lean.org.hu\\\/lean-cikkek\\\/hogyan-ertekeljuk-a-lean-sikeret\\\/\"},\"author\":{\"name\":\"nesicz.regina\",\"@id\":\"https:\\\/\\\/lean.org.hu\\\/#\\\/schema\\\/person\\\/b3a35e1e0731cc7e3492f4d57685366d\"},\"headline\":\"Hogyan \u00e9rt\u00e9kelj\u00fck a lean siker\u00e9t?\",\"datePublished\":\"2017-03-12T06:44:00+00:00\",\"dateModified\":\"2023-07-20T06:32:35+00:00\",\"mainEntityOfPage\":{\"@id\":\"https:\\\/\\\/lean.org.hu\\\/lean-cikkek\\\/hogyan-ertekeljuk-a-lean-sikeret\\\/\"},\"wordCount\":1558,\"publisher\":{\"@id\":\"https:\\\/\\\/lean.org.hu\\\/#organization\"},\"image\":{\"@id\":\"https:\\\/\\\/lean.org.hu\\\/kultura\\\/hogyan-ertekeljuk-a-lean-sikeret\\\/#primaryimage\"},\"thumbnailUrl\":\"https:\\\/\\\/lean.org.hu\\\/wp-content\\\/uploads\\\/2020\\\/09\\\/Hogyan-\u00e9rt\u00e9kelj\u00fck-a-lean-siker\u00e9t_SEO_1200x628.jpg\",\"keywords\":[\"kult\u00fara\",\"vezet\u00e9s\"],\"articleSection\":[\"kult\u00fara\",\"Tud\u00e1sb\u00e1zis\"],\"inLanguage\":\"en-GB\"},{\"@type\":\"WebPage\",\"@id\":\"https:\\\/\\\/lean.org.hu\\\/lean-cikkek\\\/hogyan-ertekeljuk-a-lean-sikeret\\\/\",\"url\":\"https:\\\/\\\/lean.org.hu\\\/kultura\\\/hogyan-ertekeljuk-a-lean-sikeret\\\/\",\"name\":\"Hogyan \u00e9rt\u00e9kelj\u00fck a lean siker\u00e9t? - Daniel T. Jones - LEI\",\"isPartOf\":{\"@id\":\"https:\\\/\\\/lean.org.hu\\\/#website\"},\"primaryImageOfPage\":{\"@id\":\"https:\\\/\\\/lean.org.hu\\\/kultura\\\/hogyan-ertekeljuk-a-lean-sikeret\\\/#primaryimage\"},\"image\":{\"@id\":\"https:\\\/\\\/lean.org.hu\\\/kultura\\\/hogyan-ertekeljuk-a-lean-sikeret\\\/#primaryimage\"},\"thumbnailUrl\":\"https:\\\/\\\/lean.org.hu\\\/wp-content\\\/uploads\\\/2020\\\/09\\\/Hogyan-\u00e9rt\u00e9kelj\u00fck-a-lean-siker\u00e9t_SEO_1200x628.jpg\",\"datePublished\":\"2017-03-12T06:44:00+00:00\",\"dateModified\":\"2023-07-20T06:32:35+00:00\",\"description\":\"Sokan k\u00e9rdezik t\u0151lem, hogyan \u00e9rt\u00e9kelj\u00fck a lean siker\u00e9t? A lean egy \u00fat, \u00e9s v\u00e9lem\u00e9nyem szerint a siker meg\u00edt\u00e9l\u00e9s\u00e9nek legjobb m\u00f3dja az...\",\"breadcrumb\":{\"@id\":\"https:\\\/\\\/lean.org.hu\\\/kultura\\\/hogyan-ertekeljuk-a-lean-sikeret\\\/#breadcrumb\"},\"inLanguage\":\"en-GB\",\"potentialAction\":[{\"@type\":\"ReadAction\",\"target\":[\"https:\\\/\\\/lean.org.hu\\\/kultura\\\/hogyan-ertekeljuk-a-lean-sikeret\\\/\"]}]},{\"@type\":\"ImageObject\",\"inLanguage\":\"en-GB\",\"@id\":\"https:\\\/\\\/lean.org.hu\\\/kultura\\\/hogyan-ertekeljuk-a-lean-sikeret\\\/#primaryimage\",\"url\":\"https:\\\/\\\/lean.org.hu\\\/wp-content\\\/uploads\\\/2020\\\/09\\\/Hogyan-\u00e9rt\u00e9kelj\u00fck-a-lean-siker\u00e9t_SEO_1200x628.jpg\",\"contentUrl\":\"https:\\\/\\\/lean.org.hu\\\/wp-content\\\/uploads\\\/2020\\\/09\\\/Hogyan-\u00e9rt\u00e9kelj\u00fck-a-lean-siker\u00e9t_SEO_1200x628.jpg\",\"width\":1200,\"height\":628,\"caption\":\"Hogyan \u00e9rt\u00e9kelj\u00fck a lean siker\u00e9t?\"},{\"@type\":\"BreadcrumbList\",\"@id\":\"https:\\\/\\\/lean.org.hu\\\/kultura\\\/hogyan-ertekeljuk-a-lean-sikeret\\\/#breadcrumb\",\"itemListElement\":[{\"@type\":\"ListItem\",\"position\":1,\"name\":\"Kezd\u0151lap\",\"item\":\"https:\\\/\\\/lean.org.hu\\\/\"},{\"@type\":\"ListItem\",\"position\":2,\"name\":\"Hogyan \u00e9rt\u00e9kelj\u00fck a lean siker\u00e9t?\"}]},{\"@type\":\"WebSite\",\"@id\":\"https:\\\/\\\/lean.org.hu\\\/#website\",\"url\":\"https:\\\/\\\/lean.org.hu\\\/\",\"name\":\"LEI\",\"description\":\"\",\"publisher\":{\"@id\":\"https:\\\/\\\/lean.org.hu\\\/#organization\"},\"potentialAction\":[{\"@type\":\"SearchAction\",\"target\":{\"@type\":\"EntryPoint\",\"urlTemplate\":\"https:\\\/\\\/lean.org.hu\\\/?s={search_term_string}\"},\"query-input\":{\"@type\":\"PropertyValueSpecification\",\"valueRequired\":true,\"valueName\":\"search_term_string\"}}],\"inLanguage\":\"en-GB\"},{\"@type\":\"Organization\",\"@id\":\"https:\\\/\\\/lean.org.hu\\\/#organization\",\"name\":\"LEI\",\"url\":\"https:\\\/\\\/lean.org.hu\\\/\",\"logo\":{\"@type\":\"ImageObject\",\"inLanguage\":\"en-GB\",\"@id\":\"https:\\\/\\\/lean.org.hu\\\/#\\\/schema\\\/logo\\\/image\\\/\",\"url\":\"https:\\\/\\\/lean.org.hu\\\/wp-content\\\/uploads\\\/2020\\\/07\\\/cropped-lean_logo_final_color_horizontal.png\",\"contentUrl\":\"https:\\\/\\\/lean.org.hu\\\/wp-content\\\/uploads\\\/2020\\\/07\\\/cropped-lean_logo_final_color_horizontal.png\",\"width\":779,\"height\":288,\"caption\":\"LEI\"},\"image\":{\"@id\":\"https:\\\/\\\/lean.org.hu\\\/#\\\/schema\\\/logo\\\/image\\\/\"},\"sameAs\":[\"https:\\\/\\\/www.facebook.com\\\/LEI.Hungary\",\"https:\\\/\\\/www.linkedin.com\\\/company\\\/lean-enterprise-institute-hungary\"]},{\"@type\":\"Person\",\"@id\":\"https:\\\/\\\/lean.org.hu\\\/#\\\/schema\\\/person\\\/b3a35e1e0731cc7e3492f4d57685366d\",\"name\":\"nesicz.regina\",\"image\":{\"@type\":\"ImageObject\",\"inLanguage\":\"en-GB\",\"@id\":\"https:\\\/\\\/secure.gravatar.com\\\/avatar\\\/82e6ace1f37342762993b93a43500b1882b5b6454e475141eab9afdd14434f8f?s=96&d=mm&r=g\",\"url\":\"https:\\\/\\\/secure.gravatar.com\\\/avatar\\\/82e6ace1f37342762993b93a43500b1882b5b6454e475141eab9afdd14434f8f?s=96&d=mm&r=g\",\"contentUrl\":\"https:\\\/\\\/secure.gravatar.com\\\/avatar\\\/82e6ace1f37342762993b93a43500b1882b5b6454e475141eab9afdd14434f8f?s=96&d=mm&r=g\",\"caption\":\"nesicz.regina\"}}]}<\/script>\n<!-- \/ Yoast SEO plugin. -->","yoast_head_json":{"title":"Hogyan \u00e9rt\u00e9kelj\u00fck a lean siker\u00e9t? - Daniel T. Jones - LEI","description":"Sokan k\u00e9rdezik t\u0151lem, hogyan \u00e9rt\u00e9kelj\u00fck a lean siker\u00e9t? A lean egy \u00fat, \u00e9s v\u00e9lem\u00e9nyem szerint a siker meg\u00edt\u00e9l\u00e9s\u00e9nek legjobb m\u00f3dja az...","robots":{"index":"index","follow":"follow","max-snippet":"max-snippet:-1","max-image-preview":"max-image-preview:large","max-video-preview":"max-video-preview:-1"},"canonical":"https:\/\/lean.org.hu\/en\/kultura\/hogyan-ertekeljuk-a-lean-sikeret\/","og_locale":"en_GB","og_type":"article","og_title":"Hogyan \u00e9rt\u00e9kelj\u00fck a lean siker\u00e9t?","og_description":"Sokan k\u00e9rdezik t\u0151lem, hogyan \u00e9rt\u00e9kelj\u00fck a lean siker\u00e9t? A lean egy \u00fat, \u00e9s v\u00e9lem\u00e9nyem szerint a siker meg\u00edt\u00e9l\u00e9s\u00e9nek legjobb m\u00f3dja az...","og_url":"https:\/\/lean.org.hu\/en\/kultura\/hogyan-ertekeljuk-a-lean-sikeret\/","og_site_name":"LEI","article_publisher":"https:\/\/www.facebook.com\/LEI.Hungary","article_published_time":"2017-03-12T06:44:00+00:00","article_modified_time":"2023-07-20T06:32:35+00:00","og_image":[{"width":1200,"height":628,"url":"https:\/\/lean.org.hu\/wp-content\/uploads\/2020\/09\/Hogyan-\u00e9rt\u00e9kelj\u00fck-a-lean-siker\u00e9t_SEO_1200x628.jpg","type":"image\/jpeg"}],"author":"nesicz.regina","twitter_card":"summary_large_image","twitter_misc":{"Written by":"nesicz.regina","Estimated reading time":"6 minutes"},"schema":{"@context":"https:\/\/schema.org","@graph":[{"@type":"Article","@id":"https:\/\/lean.org.hu\/kultura\/hogyan-ertekeljuk-a-lean-sikeret\/#article","isPartOf":{"@id":"https:\/\/lean.org.hu\/lean-cikkek\/hogyan-ertekeljuk-a-lean-sikeret\/"},"author":{"name":"nesicz.regina","@id":"https:\/\/lean.org.hu\/#\/schema\/person\/b3a35e1e0731cc7e3492f4d57685366d"},"headline":"Hogyan \u00e9rt\u00e9kelj\u00fck a lean siker\u00e9t?","datePublished":"2017-03-12T06:44:00+00:00","dateModified":"2023-07-20T06:32:35+00:00","mainEntityOfPage":{"@id":"https:\/\/lean.org.hu\/lean-cikkek\/hogyan-ertekeljuk-a-lean-sikeret\/"},"wordCount":1558,"publisher":{"@id":"https:\/\/lean.org.hu\/#organization"},"image":{"@id":"https:\/\/lean.org.hu\/kultura\/hogyan-ertekeljuk-a-lean-sikeret\/#primaryimage"},"thumbnailUrl":"https:\/\/lean.org.hu\/wp-content\/uploads\/2020\/09\/Hogyan-\u00e9rt\u00e9kelj\u00fck-a-lean-siker\u00e9t_SEO_1200x628.jpg","keywords":["kult\u00fara","vezet\u00e9s"],"articleSection":["kult\u00fara","Tud\u00e1sb\u00e1zis"],"inLanguage":"en-GB"},{"@type":"WebPage","@id":"https:\/\/lean.org.hu\/lean-cikkek\/hogyan-ertekeljuk-a-lean-sikeret\/","url":"https:\/\/lean.org.hu\/kultura\/hogyan-ertekeljuk-a-lean-sikeret\/","name":"Hogyan \u00e9rt\u00e9kelj\u00fck a lean siker\u00e9t? - Daniel T. Jones - LEI","isPartOf":{"@id":"https:\/\/lean.org.hu\/#website"},"primaryImageOfPage":{"@id":"https:\/\/lean.org.hu\/kultura\/hogyan-ertekeljuk-a-lean-sikeret\/#primaryimage"},"image":{"@id":"https:\/\/lean.org.hu\/kultura\/hogyan-ertekeljuk-a-lean-sikeret\/#primaryimage"},"thumbnailUrl":"https:\/\/lean.org.hu\/wp-content\/uploads\/2020\/09\/Hogyan-\u00e9rt\u00e9kelj\u00fck-a-lean-siker\u00e9t_SEO_1200x628.jpg","datePublished":"2017-03-12T06:44:00+00:00","dateModified":"2023-07-20T06:32:35+00:00","description":"Sokan k\u00e9rdezik t\u0151lem, hogyan \u00e9rt\u00e9kelj\u00fck a lean siker\u00e9t? A lean egy \u00fat, \u00e9s v\u00e9lem\u00e9nyem szerint a siker meg\u00edt\u00e9l\u00e9s\u00e9nek legjobb m\u00f3dja az...","breadcrumb":{"@id":"https:\/\/lean.org.hu\/kultura\/hogyan-ertekeljuk-a-lean-sikeret\/#breadcrumb"},"inLanguage":"en-GB","potentialAction":[{"@type":"ReadAction","target":["https:\/\/lean.org.hu\/kultura\/hogyan-ertekeljuk-a-lean-sikeret\/"]}]},{"@type":"ImageObject","inLanguage":"en-GB","@id":"https:\/\/lean.org.hu\/kultura\/hogyan-ertekeljuk-a-lean-sikeret\/#primaryimage","url":"https:\/\/lean.org.hu\/wp-content\/uploads\/2020\/09\/Hogyan-\u00e9rt\u00e9kelj\u00fck-a-lean-siker\u00e9t_SEO_1200x628.jpg","contentUrl":"https:\/\/lean.org.hu\/wp-content\/uploads\/2020\/09\/Hogyan-\u00e9rt\u00e9kelj\u00fck-a-lean-siker\u00e9t_SEO_1200x628.jpg","width":1200,"height":628,"caption":"Hogyan \u00e9rt\u00e9kelj\u00fck a lean siker\u00e9t?"},{"@type":"BreadcrumbList","@id":"https:\/\/lean.org.hu\/kultura\/hogyan-ertekeljuk-a-lean-sikeret\/#breadcrumb","itemListElement":[{"@type":"ListItem","position":1,"name":"Kezd\u0151lap","item":"https:\/\/lean.org.hu\/"},{"@type":"ListItem","position":2,"name":"Hogyan \u00e9rt\u00e9kelj\u00fck a lean siker\u00e9t?"}]},{"@type":"WebSite","@id":"https:\/\/lean.org.hu\/#website","url":"https:\/\/lean.org.hu\/","name":"LEI","description":"","publisher":{"@id":"https:\/\/lean.org.hu\/#organization"},"potentialAction":[{"@type":"SearchAction","target":{"@type":"EntryPoint","urlTemplate":"https:\/\/lean.org.hu\/?s={search_term_string}"},"query-input":{"@type":"PropertyValueSpecification","valueRequired":true,"valueName":"search_term_string"}}],"inLanguage":"en-GB"},{"@type":"Organization","@id":"https:\/\/lean.org.hu\/#organization","name":"LEI","url":"https:\/\/lean.org.hu\/","logo":{"@type":"ImageObject","inLanguage":"en-GB","@id":"https:\/\/lean.org.hu\/#\/schema\/logo\/image\/","url":"https:\/\/lean.org.hu\/wp-content\/uploads\/2020\/07\/cropped-lean_logo_final_color_horizontal.png","contentUrl":"https:\/\/lean.org.hu\/wp-content\/uploads\/2020\/07\/cropped-lean_logo_final_color_horizontal.png","width":779,"height":288,"caption":"LEI"},"image":{"@id":"https:\/\/lean.org.hu\/#\/schema\/logo\/image\/"},"sameAs":["https:\/\/www.facebook.com\/LEI.Hungary","https:\/\/www.linkedin.com\/company\/lean-enterprise-institute-hungary"]},{"@type":"Person","@id":"https:\/\/lean.org.hu\/#\/schema\/person\/b3a35e1e0731cc7e3492f4d57685366d","name":"nesicz.regina","image":{"@type":"ImageObject","inLanguage":"en-GB","@id":"https:\/\/secure.gravatar.com\/avatar\/82e6ace1f37342762993b93a43500b1882b5b6454e475141eab9afdd14434f8f?s=96&d=mm&r=g","url":"https:\/\/secure.gravatar.com\/avatar\/82e6ace1f37342762993b93a43500b1882b5b6454e475141eab9afdd14434f8f?s=96&d=mm&r=g","contentUrl":"https:\/\/secure.gravatar.com\/avatar\/82e6ace1f37342762993b93a43500b1882b5b6454e475141eab9afdd14434f8f?s=96&d=mm&r=g","caption":"nesicz.regina"}}]}},"_links":{"self":[{"href":"https:\/\/lean.org.hu\/en\/wp-json\/wp\/v2\/posts\/2086","targetHints":{"allow":["GET"]}}],"collection":[{"href":"https:\/\/lean.org.hu\/en\/wp-json\/wp\/v2\/posts"}],"about":[{"href":"https:\/\/lean.org.hu\/en\/wp-json\/wp\/v2\/types\/post"}],"author":[{"embeddable":true,"href":"https:\/\/lean.org.hu\/en\/wp-json\/wp\/v2\/users\/9"}],"replies":[{"embeddable":true,"href":"https:\/\/lean.org.hu\/en\/wp-json\/wp\/v2\/comments?post=2086"}],"version-history":[{"count":5,"href":"https:\/\/lean.org.hu\/en\/wp-json\/wp\/v2\/posts\/2086\/revisions"}],"predecessor-version":[{"id":141169,"href":"https:\/\/lean.org.hu\/en\/wp-json\/wp\/v2\/posts\/2086\/revisions\/141169"}],"wp:featuredmedia":[{"embeddable":true,"href":"https:\/\/lean.org.hu\/en\/wp-json\/wp\/v2\/media\/2097"}],"wp:attachment":[{"href":"https:\/\/lean.org.hu\/en\/wp-json\/wp\/v2\/media?parent=2086"}],"wp:term":[{"taxonomy":"category","embeddable":true,"href":"https:\/\/lean.org.hu\/en\/wp-json\/wp\/v2\/categories?post=2086"},{"taxonomy":"post_tag","embeddable":true,"href":"https:\/\/lean.org.hu\/en\/wp-json\/wp\/v2\/tags?post=2086"}],"curies":[{"name":"wp","href":"https:\/\/api.w.org\/{rel}","templated":true}]}}