{"id":1678,"date":"2015-03-21T09:12:00","date_gmt":"2015-03-21T09:12:00","guid":{"rendered":"http:\/\/generaciokpartnere.hu\/leiwp\/?p=1678"},"modified":"2021-06-01T13:19:12","modified_gmt":"2021-06-01T11:19:12","slug":"felreertesek-a-vsm-az-aramlas-analizis-es-az-utemido-teren","status":"publish","type":"post","link":"https:\/\/lean.org.hu\/en\/eszkozok\/felreertesek-a-vsm-az-aramlas-analizis-es-az-utemido-teren\/","title":{"rendered":"F\u00e9lre\u00e9rt\u00e9sek az \u00e9rt\u00e9kfolyamat t\u00e9rk\u00e9pez\u00e9s, az \u00e1raml\u00e1s anal\u00edzis \u00e9s az \u00fctemid\u0151 ter\u00e9n"},"content":{"rendered":"<p><strong>Szakmai cikk\u00fcnkben sort ker\u00edt\u00fcnk az&nbsp;\u00fctemid\u0151&nbsp;(takt time), az&nbsp;\u00e9rt\u00e9kfolyamat t\u00e9rk\u00e9pez\u00e9s&nbsp;(VSM) \u00e9s a&nbsp;\u201elean \u00e1raml\u00e1s\u201d&nbsp;(\u201elean flow\u201d) megvitat\u00e1s\u00e1ra, majd a szerz\u0151 n\u00e9h\u00e1ny sz\u00f3t ejt e t\u00e9m\u00e1k eredet\u00e9r\u0151l.<\/strong><\/p>\n\n\n\n<p><em>A cikk elolvas\u00e1s\u00e1hoz sz\u00fcks\u00e9ges id\u0151:&nbsp;kb. 13 perc<\/em><\/p>\n\n\n\n<p><strong><em>Szerz\u0151:<\/em><\/strong><em>&nbsp;John Shook<\/em><\/p>\n\n\n\n<p>A f\u00f3rum anyag\u00e1t egy r\u00e9sztvev\u0151 tov\u00e1bb\u00edtotta nekem, aki azt k\u00e9rte, hogy csatlakozzak \u00e9s pr\u00f3b\u00e1ljak megv\u00e1laszolni n\u00e9h\u00e1ny vita t\u00e1rgy\u00e1t k\u00e9pez\u0151 k\u00e9rd\u00e9st. \u0150szint\u00e9n sz\u00f3lva vonakodtam belefolyni, mert tartottam att\u00f3l, hogy tov\u00e1bbi gondolatokkal csak n\u00f6velem a z\u0171rzavart. Viszont a vita elolvas\u00e1sa ut\u00e1n, \u00fagy \u00e9rzem, k\u00e9nytelen vagyok<strong>&nbsp;eloszlatni n\u00e9h\u00e1ny f\u00e9lre\u00e9rt\u00e9st<\/strong>, amellyel egy id\u0151ben tal\u00e1n j\u00f3 p\u00e1r felmer\u00fclt k\u00e9rd\u00e9s is v\u00e1laszra tal\u00e1l. Neh\u00e9z meghat\u00e1rozni, hol kezdjem. \u00dagy v\u00e9lem, korl\u00e1toznom kell magam az&nbsp;<strong>\u00fctemid\u0151&nbsp;<\/strong>(takt time), az&nbsp;<strong>\u00e9rt\u00e9kfolyamat t\u00e9rk\u00e9pez\u00e9s<\/strong>&nbsp;(VSM) \u00e9s a&nbsp;<strong>\u201elean \u00e1raml\u00e1s\u201d<\/strong>&nbsp;(\u201elean flow\u201d) megvitat\u00e1s\u00e1ra, majd n\u00e9h\u00e1ny sz\u00f3t ejtek e t\u00e9m\u00e1k eredet\u00e9r\u0151l, mik\u00f6zben megk\u00eds\u00e9rlem tiszt\u00e1zni, hogyan is kapcsol\u00f3dnak ezek a feltett k\u00e9rd\u00e9sekhez.<\/p>\n\n\n\n<div class=\"wp-block-image\"><figure class=\"alignright size-large is-resized\"><a href=\"https:\/\/lean.org.hu\/en\/konyvesbolt\/tanulj-meg-latni-learning-to-see-vsm\/\"><img decoding=\"async\" src=\"https:\/\/lean.org.hu\/wp-content\/uploads\/2020\/09\/K\u00e9p01-6.jpg\" alt=\"Tanulj meg l\u00e1tni bor\u00edt\u00f3\" class=\"wp-image-1682\" width=\"182\" height=\"219\" srcset=\"https:\/\/lean.org.hu\/wp-content\/uploads\/2020\/09\/K\u00e9p01-6.jpg 229w, https:\/\/lean.org.hu\/wp-content\/uploads\/2020\/09\/K\u00e9p01-6-200x241.jpg 200w\" sizes=\"(max-width: 182px) 100vw, 182px\" \/><\/a><\/figure><\/div>\n\n\n\n<p>El\u0151sz\u00f6r is az \u00e9rt\u00e9kfolyamat t\u00e9rk\u00e9pez\u00e9s (VSM) nem azonos az \u201e\u00e1raml\u00e1s anal\u00edzissel\u201d vagy az optim\u00e1lis term\u00e9k\u00e1raml\u00e1s tervez\u00e9s\u00e9nek \u00e9s l\u00e9trehoz\u00e1s\u00e1nak folyamat\u00e1val.&nbsp;<strong>Az \u00e9rt\u00e9kfolyamat t\u00e9rk\u00e9pez\u00e9s (VSM) egy egyszer\u0171 eszk\u00f6z<\/strong>, amely operat\u00edv vezet\u0151knek, m\u00e9rn\u00f6k\u00f6knek (\u00e9s m\u00e1soknak) seg\u00edt meg\u00e9rteni hogyan m\u0171k\u00f6dnek a jelenlegi folyamataik, v\u00e9gigviszi \u0151ket az elemz\u00e9s folyamat\u00e1n, a megl\u00e9v\u0151 folyamataik fejleszt\u00e9s\u00e9nek \u00e9s jobb j\u00f6v\u0151beni folyamatok tervez\u00e9s\u00e9nek \u00e9rdek\u00e9ben. Az \u00e9rt\u00e9kfolyamat t\u00e9rk\u00e9pez\u00e9s (VSM) \u2013 ahogy a&nbsp;<a href=\"https:\/\/lean.org.hu\/en\/konyvesbolt\/tanulj-meg-latni-learning-to-see-vsm\/\" target=\"_blank\" rel=\"noreferrer noopener\">Learning to See<\/a>&nbsp;(Learning To See, LTS) is bemutatja \u2013 nem, \u00e9s soha nem is volt az optim\u00e1lis term\u00e9k\u00e1raml\u00e1s tervez\u00e9s\u00e9nek teljes eszk\u00f6zt\u00e1ra. Az \u00e9rt\u00e9kfolyamat t\u00e9rk\u00e9pez\u00e9s az LTS-ben le\u00edrtak szerint sem algoritmusokat, sem kalkul\u00e1ci\u00f3kat nem tartalmaz, amelyekkel lehets\u00e9ges lenne megtervezni az optim\u00e1lis term\u00e9k\u00e1raml\u00e1st. Ha \u00edgy lenne, akkor tal\u00e1n az \u201eOptimum Flow Design\u201d (\u201eOptim\u00e1lis \u00c1raml\u00e1s Tervez\u00e9se\u201d) c\u00edmet, nem pedig a sz\u00e1nd\u00e9kosan szokatlan Learning To See c\u00edmet kapta volna.<\/p>\n\n\n\n<p>A&nbsp;<a href=\"https:\/\/lean.org.hu\/en\/konyvesbolt\/tanulj-meg-latni-learning-to-see-vsm\/\" target=\"_blank\" rel=\"noreferrer noopener\">Learning to See<\/a>&nbsp;(Learning To See) tartalmaz egy r\u00f6vid fejezetet \u201eCharacteristics of a Lean Value Stream\u201d (\u201eEgy Lean \u00c9rt\u00e9kfolyamat Jellemz\u0151i\u201d) t\u00e9m\u00e1ban. Ebben a fejezetben a \u201elean \u00e9rt\u00e9kfolyamat\u201d legelemibb, de n\u00e9lk\u00fcl\u00f6zhetetlen szempontjai ker\u00fclnek bemutat\u00e1sra. Mindamellett a k\u00f6nyv sz\u00e1nd\u00e9ka csup\u00e1n az volt, hogy olvas\u00f3ja\/haszn\u00e1l\u00f3ja ezt\u00e1n&nbsp;<strong>m\u00e1sk\u00e9nt gondoljon \u00e9s tekintsen saj\u00e1t tev\u00e9kenys\u00e9geire<\/strong>. Ennek k\u00f6vetkezt\u00e9ben az \u00fctemid\u0151 \u00e9s m\u00e1s fogalmak le\u00edr\u00e1sa sz\u00fcks\u00e9gszer\u0171en nagyon egyszer\u0171. Mint ahogy azt hissz\u00fck, hogy a le\u00edrt, alapvet\u0151 elvek, fogalmak \u00e9s eszk\u00f6z\u00f6k sokf\u00e9le k\u00f6rnyezetben alkalmazhat\u00f3ak. Azonban a fogalom\/eszk\u00f6z alkalmaz\u00e1sa term\u00e9szetesen a helyzett\u0151l f\u00fcgg\u0151en v\u00e1ltozhat.<\/p>\n\n\n\n<p>Bizonyos k\u00f6r\u00f6kben f\u00e9lre\u00e9rtelmezt\u00e9k, hogy az \u00e9rt\u00e9kfolyamat t\u00e9rk\u00e9pez\u00e9s (VSM), az \u00fctemid\u0151 vagy a \u201elean \u00e1raml\u00e1s\u201d csak a gyakran ism\u00e9tl\u0151d\u0151, nagy volumen\u0171, kev\u00e9s vari\u00e1ci\u00f3val rendelkez\u0151 gy\u00e1rt\u00e1sban hasznos. Mindez rendk\u00edv\u00fcl sajn\u00e1latos \u00e9s&nbsp;<strong>teljes f\u00e9lre\u00e9rt\u00e9s<\/strong>. Ennek meg\u00e9rt\u00e9s\u00e9hez kis t\u00f6rt\u00e9nelmi \u00e1ttekint\u00e9s sz\u00fcks\u00e9ges.<\/p>\n\n\n\n<p>Az \u00e9rt\u00e9kfolyamat t\u00e9rk\u00e9pez\u00e9s (VSM) csak egy eszk\u00f6z. Ahogy az LTS-ben olvashatjuk egy eszk\u00f6z, amely seg\u00edt az embereknek \u00e9rt\u00e9kfolyamatokat vizsg\u00e1lni k\u00fcl\u00f6n\u00e1ll\u00f3 m\u0171veletek helyett. Az esetek t\u00f6bbs\u00e9g\u00e9ben \u00fagy t\u0171nik, hogy az LTS k\u00f6nyv \u00e9s az \u00e9rt\u00e9kfolyamat t\u00e9rk\u00e9pez\u00e9s sok embernek \u00e9s sok v\u00e1llalatnak seg\u00edtett.<\/p>\n\n\n\n<p>Lean term\u00e9k\u00e1raml\u00e1s megtervez\u00e9s\u00e9nek vagy l\u00e9trehoz\u00e1s\u00e1nak t\u00e9mak\u00f6re azonban sokkal, de sokkal sz\u00e9lesebb k\u00f6r\u0171 k\u00e9rd\u00e9s. A VSM kapcsol\u00f3dik ahhoz a sz\u00e9lesk\u00f6r\u0171 k\u00e9rd\u00e9shez, amelyben egy eszk\u00f6z, amely seg\u00edti azt a bizonyos tervez\u00e9st. De az LTS-ben le\u00edrtak szerint,&nbsp;<strong>a VSM<\/strong>&nbsp;e tekintetben<strong>&nbsp;csak egy kezdeti l\u00e9p\u00e9s<\/strong>. A \u201elean term\u00e9k\u00e1raml\u00e1s\u201d kapcs\u00e1n \u00e9n a Toyota Gy\u00e1rt\u00e1si Rendszer (TPS) anyag \u00e9s inform\u00e1ci\u00f3\u00e1raml\u00e1saira utalok. A TPS \u00e1raml\u00e1s alapvet\u0151 elemei k\u00f6z\u00f6tt (a TPS \u201ejust-in-time\u201d pill\u00e9re) tal\u00e1lhatjuk a vita t\u00e1rgy\u00e1t k\u00e9pez\u0151 \u00fctemid\u0151 fogalm\u00e1t.<\/p>\n\n\n\n<div class=\"wp-block-image\"><figure class=\"alignright size-large is-resized\"><img decoding=\"async\" src=\"https:\/\/lean.org.hu\/wp-content\/uploads\/2020\/09\/K\u00e9p02-5.jpg\" alt=\"\u00dctemid\u0151 grafika\" class=\"wp-image-1679\" width=\"163\" height=\"244\" srcset=\"https:\/\/lean.org.hu\/wp-content\/uploads\/2020\/09\/K\u00e9p02-5.jpg 227w, https:\/\/lean.org.hu\/wp-content\/uploads\/2020\/09\/K\u00e9p02-5-200x299.jpg 200w, https:\/\/lean.org.hu\/wp-content\/uploads\/2020\/09\/K\u00e9p02-5-201x300.jpg 201w\" sizes=\"(max-width: 163px) 100vw, 163px\" \/><\/figure><\/div>\n\n\n\n<p>Az \u00fctemid\u0151, mint fogalom \u00e9s eszk\u00f6z \u00e9vtizedekkel megel\u0151zi a sz\u0171kkeresztmetszetek elm\u00e9let\u00e9t (Theory of Constraints, TOC). Az \u00fctemid\u0151 igencsak ellent\u00e9tben azzal, amint azt n\u00e9h\u00e1nyan f\u00e9lre\u00e9rtett\u00e9k, els\u0151sorban NEM a nagy sz\u00e1mban ism\u00e9tl\u0151d\u0151 \u00f6sszeszerel\u0151 sorok eset\u00e9ben haszn\u00e1latos! \u00c9s az els\u0151dleges c\u00e9lja term\u00e9szetesen&nbsp;<strong>nem a dolgoz\u00f3i l\u00e9tsz\u00e1m meghat\u00e1roz\u00e1sa<\/strong>!! Az \u00fctemid\u0151 az 1930-as \u00e9vekben, mint gy\u00e1rt\u00e1s\u00e1raml\u00e1si eszk\u00f6z lett kifejlesztve. Az 1950-es \u00e9vekben, a Toyot\u00e1n bel\u00fcl alaposan tov\u00e1bb fejlesztett\u00e9k, mint gy\u00e1rt\u00e1sir\u00e1ny\u00edt\u00e1si eszk\u00f6zt. A k\u00e9s\u0151i 1960-as \u00e9vekre a Toyota eg\u00e9sz besz\u00e1ll\u00edt\u00f3 h\u00e1ttere sz\u00e9lesk\u00f6r\u0171en haszn\u00e1lta \u00e9s az 1970-es \u00e9vek k\u00f6zep\u00e9re ismert\u00e9 v\u00e1lt az eg\u00e9sz jap\u00e1n iparban. Az USA-ban az 1980-as \u00e9vek k\u00f6zep\u00e9re az \u00fctemid\u0151 j\u00f3l ismert fogalom volt, j\u00f3val m\u00e9g a \u201elean\u201d fogalm\u00e1nak bevezet\u00e9se el\u0151tt.<\/p>\n\n\n\n<p>Az&nbsp;<strong>\u00fctemid\u0151&nbsp;<\/strong>c\u00e9lja els\u0151sorban \u00e9s legf\u0151k\u00e9nt, hogy menedzser eszk\u00f6zk\u00e9nt egy pillanat alatt jelezze, hogy a termel\u00e9s terv el\u0151tt vagy att\u00f3l lemaradva halad. Az&nbsp;<strong>\u00f6sszehangol\u00e1s eszk\u00f6zek\u00e9nt&nbsp;<\/strong>szolg\u00e1l, \u00f6sszehangolva a folyamatban l\u00e9v\u0151t az azt k\u00f6vet\u0151 folyamatokkal, az er\u0151forr\u00e1s ig\u00e9nyeket a kereslettel, a v\u00e1llalati funkci\u00f3kat a val\u00f3sidej\u0171 gy\u00e1rt\u00e1si ig\u00e9nyekkel.<\/p>\n\n\n\n<p>Ahelyett, hogy az \u201cism\u00e9tl\u0151d\u0151 gy\u00e1rt\u00e1si szitu\u00e1ci\u00f3kra\u201d korl\u00e1toz\u00f3dna, az \u00fctemid\u0151 val\u00f3j\u00e1ban olyan k\u00f6rnyezetben a leghasznosabb az \u00e1raml\u00e1s megalapoz\u00e1s\u00e1ra, amikor az \u00e1raml\u00e1st k\u00fcl\u00f6n\u00f6sen neh\u00e9z l\u00e9trehozni vagy l\u00e1tni. Els\u0151 alkalmaz\u00e1sa val\u00f3j\u00e1ban (N\u00e9metorsz\u00e1g, 1930-as \u00e9vek) a rep\u00fcl\u0151g\u00e9piparban t\u00f6rt\u00e9nt, ahol a term\u00e9k\u00e1raml\u00e1s rendk\u00edv\u00fcl lass\u00fa volt \u00e9s az ism\u00e9tl\u0151d\u0151 tev\u00e9kenys\u00e9geket neh\u00e9z volt \u00e9szrevenni. A Toyota adopt\u00e1lta \u00e9s tov\u00e1bbfejlesztette az \u00fctemid\u0151t az 1950-es \u00e9vekben, hogy seg\u00edtsen akkori helyzet\u00fckkel megbirk\u00f3zni, amely jelent\u0151sen elt\u00e9rt a Detroit-k\u00f6zpont\u00fa versenyt\u00e1rsak\u00e9t\u00f3l, akik l\u00e1tsz\u00f3lag v\u00e9gtelennek t\u0171n\u0151 kereslettel voltak meg\u00e1ldva. A Toyota akkoriban olyan volumenben gy\u00e1rtott, amely csak egy kis t\u00f6red\u00e9ke volt a \u201eBig Three\u201d (Az Amerikai Nagy H\u00e1rmas: a General Motors, a Ford \u00e9s a DaimlerChrysler aut\u00f3gy\u00e1rt\u00f3k \u00f6sszefoglal\u00f3 neve \u2013 A Ford.) \u00e1ltal gy\u00e1rtott mennyis\u00e9gnek (1950-ben az eg\u00e9sz Toyota v\u00e1llalat egy h\u00f3napban nem gy\u00e1rtott annyit, mint minden egyes Big Three, egy modellb\u0151l, egy sz\u00e1ll\u00edt\u00f3szalagon, egy nap alatt! \u00c9s a Toyota azon a kis volumenen bel\u00fcl sz\u00e1mos k\u00fcl\u00f6nb\u00f6z\u0151 modellt gy\u00e1rtott).<\/p>\n\n\n\n<p>Tal\u00e1n ebb\u0151l is l\u00e1that\u00f3, hogy egy m\u00e1sik gyakori megjegyz\u00e9s \u2013 miszerint az \u00fctemid\u0151 nem alkalmazhat\u00f3 \u201ekis volumen\u0171 m\u0171helyekben\u201d- szint\u00e9n helytelen \u00e9rtelmez\u00e9s. A Toyota korai besz\u00e1ll\u00edt\u00f3inak t\u00f6bbs\u00e9ge kis \u201em\u0171hely\u201d volt \u00e9s k\u00f6z\u00fcl\u00fck sok m\u00e9g mindig az. Az \u00fctemid\u0151 c\u00e9lja \u2013 a fent eml\u00edtett \u201e\u00f6sszehangol\u00f3\u201d szerepe -, hogy mindezeket&nbsp;<strong>\u00e1raml\u00e1sba hozza<\/strong>. Az \u00fctemid\u0151 hasznos mindazon szitu\u00e1ci\u00f3kban, amikor a term\u00e9k mix bonyolult, az \u00e1raml\u00e1sok \u00f6sszetettek, a kereslet v\u00e1ltoz\u00f3, valamint k\u00fcl\u00f6nb\u00f6z\u0151 termel\u00e9si k\u00f6rnyezetekben is \u2013 Taiichi Ohno a Toyot\u00e1n\u00e1l szinte az \u00f6sszes koncepci\u00f3t kipr\u00f3b\u00e1lta saj\u00e1t megmunk\u00e1l\u00f3 \u00fczem\u00e9ben, miel\u0151tt azokat kiterjesztette volna m\u00e1s ter\u00fcletekre. (Meglehet\u0151sen j\u00f3l dokument\u00e1lt a TPS \u00e9s az \u00fctemid\u0151 t\u00f6rt\u00e9nete a LEI-n\u00e9l vagy a Productivity Pressn\u00e9l el\u00e9rhet\u0151 k\u00f6nyvekben azok sz\u00e1m\u00e1ra, akik t\u00f6bbet szeretn\u00e9nek tudni a t\u00e9m\u00e1r\u00f3l. Taiichi Ohno saj\u00e1t,&nbsp;<a href=\"http:\/\/www.lean.org\/Bookstore\/ProductDetails.cfm?SelectedProductId=55\" target=\"_blank\" rel=\"noreferrer noopener\">Toyota Production System<\/a>&nbsp;(Toyota Gy\u00e1rt\u00e1si Rendszer) c\u00edm\u0171 k\u00f6nyve remek kiindul\u00e1si pont, tov\u00e1bb\u00e1 Takahiro Fujimoto \u201e<a href=\"http:\/\/www.lean.org\/Bookstore\/ProductDetails.cfm?SelectedProductId=56\" target=\"_blank\" rel=\"noreferrer noopener\">Evolution of a Manufacturing System at Toyota<\/a>\u201d (\u201eEgy Gy\u00e1rt\u00e1si Rendszer Evol\u00faci\u00f3ja a Toyot\u00e1n\u00e1l\u201d) szint\u00e9n egy hihetetlen \u2013 \u00e9s gyakran figyelmen k\u00edv\u00fcl hagyott \u2013 k\u00f6nyv.<\/p>\n\n\n\n<div class=\"wp-block-image\"><figure class=\"aligncenter size-large is-resized\"><img fetchpriority=\"high\" decoding=\"async\" src=\"https:\/\/lean.org.hu\/wp-content\/uploads\/2020\/09\/K\u00e9p03-3.jpg\" alt=\"\u00dctemid\u0151 folyamat\u00e1bra\" class=\"wp-image-1680\" width=\"652\" height=\"361\" srcset=\"https:\/\/lean.org.hu\/wp-content\/uploads\/2020\/09\/K\u00e9p03-3.jpg 556w, https:\/\/lean.org.hu\/wp-content\/uploads\/2020\/09\/K\u00e9p03-3-200x111.jpg 200w, https:\/\/lean.org.hu\/wp-content\/uploads\/2020\/09\/K\u00e9p03-3-300x166.jpg 300w\" sizes=\"(max-width: 652px) 100vw, 652px\" \/><\/figure><\/div>\n\n\n\n<p>Az LTS-ben az \u00fctemid\u0151 egyszer\u0171 p\u00e9ld\u00e1ja az ACME Stamping, ami egy egyszer\u0171 \u00fctemid\u0151vel rendelkezik a term\u00e9k k\u00e9t vari\u00e1ci\u00f3j\u00e1ra. Mindazon\u00e1ltal a val\u00f3s \u00e9letben, leggyakrabban v\u00e1ltoz\u00f3 kereslet\u0171 term\u00e9kekkel tal\u00e1lkozhatunk, ennek k\u00f6vetkezt\u00e9ben v\u00e1ltoz\u00f3 \u00fctemid\u0151kkel. Ekk\u00e9ppen teh\u00e1t egy vegyes modell\u0171 \u00f6sszeszerel\u0151 sor \u00fctemideje lehet 58 m\u00e1sodperc, de a teljes \u00fctemid\u0151 \u2013 vagy \u201e\u00f6sszetett \u00fctem\u201d (\u201ecompound takt\u201d) \u2013 a sok k\u00fcl\u00f6nb\u00f6z\u0151 egyedi term\u00e9k \u00fctemidej\u00e9b\u0151l tev\u0151dhet \u00f6ssze. \u00c9s azon id\u0151k mindegyike \u00fagy ker\u00fcl meghat\u00e1roz\u00e1sra, hogy \u00f6sszhangot teremtsen a k\u00fcl\u00f6nb\u00f6z\u0151, megel\u0151z\u0151 \u00e9rt\u00e9kfolyamatokkal. A sz\u00e1m\u00edt\u00e1s, ami a vegyes modell\u0171 \u00fctemid\u0151 meghat\u00e1roz\u00e1s\u00e1ra haszn\u00e1lt (heijunka \u00f6sszetett \u00e1raml\u00e1s), jellegzetess\u00e9gei funkci\u00f3jukban \u00e9s \u00f6sszetetts\u00e9g\u00fckben hasonl\u00f3ak a TOC \u00e1raml\u00e1s \u00e9s routing kalkul\u00e1ci\u00f3khoz. (\u00c9s haszn\u00e1lhat\u00f3, ahogy a Toyota haszn\u00e1lja azt, a rendk\u00edv\u00fcl \u00f6sszetett BOM helyzetekben). A LTS nem megy bele a sz\u00e1m\u00edt\u00e1sokba, egyszer\u0171en az\u00e9rt, mert a routing meghat\u00e1roz\u00e1sok technik\u00e1inak magyar\u00e1zata&nbsp;<strong>soha nem volt a LTS c\u00e9lja<\/strong>. (Ism\u00e9tlem, ha az lett volna a c\u00e9lja, mi\u00e9rt kapott volna ilyen szokatlan c\u00edmet?)<br>(Monden, Toyota Production System c\u00edm\u0171 k\u00f6nyve remek lehet\u0151s\u00e9g tov\u00e1bbi ismeretszerz\u00e9sre, olyan sokkal \u00f6sszetettebb \u00e1raml\u00e1sokr\u00f3l, mint amit az LTS bemutat.)<\/p>\n\n\n\n<p>A vita utols\u00f3 h\u00e1rom t\u00e9m\u00e1j\u00e1val kapcsolatban eszembe jut n\u00e9h\u00e1ny pontos\u00edt\u00e1s. El\u0151sz\u00f6r is, az \u00fctemid\u0151t \u00e1ltal\u00e1ban&nbsp;<strong>hosszabb peri\u00f3dus alapj\u00e1n<\/strong>&nbsp;\u00e1llap\u00edtj\u00e1k meg, mint ami a vit\u00e1ban szerepel (egy m\u0171szak, egy nap \u00e9s egy h\u00e9t). A Toyota tipikusan egyhavi id\u0151szakra hat\u00e1rozza meg az \u00fctemid\u0151t, \u00e9s 10 naponta tart \u201efinom\u00edt\u00f3 fel\u00fclvizsg\u00e1latot\u201d. N\u00e9h\u00e1ny \u00fczem azonban nagyon ritk\u00e1n v\u00e1ltoztathatja teljes \u00fctemidej\u00e9t, mindamellett a k\u00fcl\u00f6nb\u00f6z\u0151 modellek \u00fctemideje a term\u00e9kmixben gyakran v\u00e1ltozhat.<\/p>\n\n\n\n<p>M\u00e1sodszor, alapvet\u0151 k\u00fcl\u00f6nbs\u00e9g van a TOC \u201esz\u0171kkeresztmetszetek\u201d \u00e9s a TPS \u201e\u00fctemszab\u00e1lyz\u00f3k\u201d k\u00f6z\u00f6tt, hab\u00e1r ezeket gyakran f\u00e9lre\u00e9rtik, \u00e9s nagyj\u00e1b\u00f3l egyez\u0151nek gondolj\u00e1k. Ami egyezik, hogy a TPS, a TOC-hoz hasonl\u00f3an, igyekszik felismerni \u00e9s megsz\u00fcntetni a sz\u0171kkeresztmetszeteket. De&nbsp;<strong>a TPS nem engedi<\/strong>, hogy egy sz\u0171kkeresztmetszet az \u00e9rt\u00e9kfolyamat \u00fctem\u00e9t befoly\u00e1solja. Elv\u00e9gre, a sz\u0171kkeresztmetszet rengeteg probl\u00e9m\u00e1b\u00f3l ad\u00f3dhat \u2013 t\u00falzott \u00e1ll\u00e1sid\u0151, gyenge min\u0151s\u00e9g, hossz\u00fa \u00e1t\u00e1ll\u00e1si id\u0151k, stb. Mi\u00e9rt engedn\u00e9m meg, hogy egy probl\u00e9m\u00e1s m\u0171velet hat\u00e1rozza meg a teljes \u00e9rt\u00e9kfolyamat \u00e1raml\u00e1s\u00e1t? Term\u00e9szetesen foglalkoznom kell a probl\u00e9m\u00e1s m\u0171velettel (a sz\u0171kkeresztmetszettel), \u00e9s erre sz\u00e1mtalan technika l\u00e9tezik, de nem engedhetem, hogy ez dikt\u00e1lja a teljes term\u00e9k\u00e1raml\u00e1s \u00fctem\u00e9t (takt)!<\/p>\n\n\n\n<p>V\u00e9g\u00fcl, az igaz, hogy az LTS-ben bemutatott VSM figyelmen k\u00edv\u00fcl hagyja a vizsg\u00e1lt folyamat elrendez\u00e9s\u00e9t (layout). Higgy\u00e9k el, a LEI \u00e9s az LTS szerz\u0151i is tudj\u00e1k, hogy l\u00e9tezik az a fogalom, hogy elrendez\u00e9s, \u00e9s hogy az elrendez\u00e9s fontos. Azonban a VSM sz\u00e1nd\u00e9kosan k\u00e9slelteti az elrendez\u00e9s figyelembev\u00e9tel\u00e9t, am\u00edg egy\u00e9b megfigyel\u00e9sek \u00e9s meg\u00e1llap\u00edt\u00e1sok nem t\u00f6rt\u00e9nnek. Ennek oka, hogy sok termel\u00e9svezet\u0151 \u00e9s m\u00e9rn\u00f6k hajlamos azonnal nekiesni \u00e9s \u00e1trendezni dolgokat, ami id\u0151be, p\u00e9nzbe \u00e9s egy\u00e9b er\u0151forr\u00e1sokba ker\u00fcl, \u00e9s gyakran hib\u00e1khoz vezet. Gyakran van a jelenlegi elrendez\u00e9ssel megval\u00f3s\u00edthat\u00f3, \u00e1raml\u00e1s alap\u00fa megold\u00e1s. El\u0151sz\u00f6r ezt kell megkeresni. Gondoljunk a m\u0171veletek gyorsas\u00e1g\u00e1ra, jelenleg mi \u00e1ramlik \u00e9s hova, \u00e9s ide\u00e1lis esetben minek, hova kellene \u00e1ramlania. El\u0151sz\u00f6r&nbsp;<strong>haszn\u00e1ljuk kreativit\u00e1sunkat&nbsp;<\/strong>an\u00e9lk\u00fcl, hogy egy fill\u00e9rt is k\u00f6lten\u00e9nk, ami arra \u00f6szt\u00f6n\u00f6z, hogy a rendszerre \u00e9s a haszn\u00e1lt m\u00f3dszerekre \u00f6sszpontos\u00edtsunk. Ezut\u00e1n elemezz\u00fck az elrendez\u00e9st (ami bizony\u00e1ra fontos, de egyszer\u0171en nem ez a f\u00f3kusza az LTS-ben bemutatott VSM-nek).<\/p>\n\n\n\n<p>\u00d3 igen, valakinek volt k\u00e9rd\u00e9se egy sz\u0171kkeresztmetszetet jelent\u0151 m\u0171velettel kapcsolatban, egy cell\u00e1ban. A TPS soha nem egyes\u00edten\u00e9 \u2013 ahogy az egyik hozz\u00e1sz\u00f3l\u00f3 tette az \u201cegyszer\u0171s\u00e9g kedv\u00e9\u00e9rt\u201d \u2013 a fut\u00e1sid\u0151t a be\u00e1ll\u00edt\u00e1si id\u0151vel. A TPS szempontj\u00e1b\u00f3l a<strong>&nbsp;l\u00e9nyeg a be\u00e1ll\u00edt\u00e1si id\u0151 cs\u00f6kkent\u00e9se<\/strong>, megteremtve ezzel a gyakoribb \u00e1t\u00e1ll\u00e1sok lehet\u0151s\u00e9g\u00e9t a kisebb sz\u00e9rianagys\u00e1gok \u00e9rdek\u00e9ben. Egyszer\u0171en sz\u00f3lva, a TPS egy adott id\u0151szak elm\u00e9leti kapacit\u00e1s\u00e1b\u00f3l \u00e9s vev\u0151i ig\u00e9ny\u00e9b\u0151l indul ki, majd meg\u00e1llap\u00edtja e param\u00e9terek alapj\u00e1n a lehets\u00e9ges \u00e1t\u00e1ll\u00e1sok sz\u00e1m\u00e1t, \u00e9s lehet\u0151s\u00e9g szerint fut\u00e1smint\u00e1kat (\u201erun patterns\u201d) \u00e1llap\u00edt meg, vagy m\u00e1sk\u00e9ppen kialak\u00edtja az \u00f6sszhangot a megel\u0151z\u0151 \u00e9s a k\u00f6vetkez\u0151 folyamatok k\u00f6z\u00f6tt (\u00e9s igen, minderre van egy sz\u00e1m\u00edt\u00e1si m\u00f3d).<\/p>\n\n\n\n<p>A VSM \u00e9s a k\u00fcl\u00f6nb\u00f6z\u0151 lean \u00e9rt\u00e9kfolyamat eszk\u00f6z\u00f6k val\u00f3ban l\u00e9teznek az gy\u00e1rt\u00e1sszervez\u00e9s trad\u00edci\u00f3j\u00e1ban, ahogy az a vit\u00e1ban eml\u00edt\u00e9sre ker\u00fclt. Ezek t\u00f6bbnyire kor\u00e1bban is l\u00e9tez\u0151 eszk\u00f6z\u00f6k evol\u00faci\u00f3ja, de mag\u00e1ba foglalja ezen eszk\u00f6z\u00f6k jelent\u0151s \u00faj\u00edt\u00e1sait is. A kor\u00e1bbi \u201efolyamat felt\u00e9rk\u00e9pez\u0151\u201d eszk\u00f6z\u00f6k (ahogy a n\u00e9v sejteti) a \u201efolyamatokra\u201d \u00f6sszpontos\u00edtottak, mik\u00f6zben a VSM az anyag- \u00e9s inform\u00e1ci\u00f3\u00e1raml\u00e1s egym\u00e1ssal val\u00f3 \u00f6sszef\u00fcgg\u00e9s\u00e9re \u00f6sszpontos\u00edt. A gy\u00e1rt\u00e1sszervez\u0151 m\u00e9rn\u00f6k\u00f6k k\u00f6r\u00e9ben gyakran haszn\u00e1lt egy\u00e9b felt\u00e9rk\u00e9pez\u0151 eszk\u00f6z\u00f6k<strong>&nbsp;figyelmen k\u00edv\u00fcl hagyt\u00e1k az inform\u00e1ci\u00f3\u00e1raml\u00e1st<\/strong>&nbsp;\u2013 ami n\u00e9lk\u00fcl egy integr\u00e1lt anyag- \u00e9s inform\u00e1ci\u00f3\u00e1raml\u00e1si rendszer nyilv\u00e1nval\u00f3an nem k\u00e9pzelhet\u0151 el vagy val\u00f3s\u00edthat\u00f3 meg. Annak nyomat\u00e9ka, hogy a termel\u00e9st, mint integr\u00e1lt anyag- \u00e9s inform\u00e1ci\u00f3\u00e1raml\u00e1si rendszert meg\u00e9rts\u00fck, jelent\u0151s fejleszt\u00e9se a Toyota Gy\u00e1rt\u00e1si Rendszernek. Az az \u00e9rt\u00e9kfolyamat (vagy \u201efolyamat\u201d) t\u00e9rk\u00e9p, ami figyelmen k\u00edv\u00fcl hagyja az inform\u00e1ci\u00f3\u00e1raml\u00e1st olyan, mint egy oldalnyi kotta, ami csak v\u00e9letlenszer\u0171en tartalmazza a hangjegyeket \u2013 mindenki tudja, hogy milyen hangokat kell j\u00e1tszani, csak azt nem, hogy mikor.<\/p>\n\n\n\n<div class=\"wp-block-image\"><figure class=\"alignright size-large is-resized\"><img loading=\"lazy\" decoding=\"async\" src=\"https:\/\/lean.org.hu\/wp-content\/uploads\/2020\/09\/K\u00e9p04-2.jpg\" alt=\"Ceruza grafika\" class=\"wp-image-1681\" width=\"121\" height=\"178\"\/><\/figure><\/div>\n\n\n\n<p>Azonban ez mind kev\u00e9sb\u00e9 fontos a VSM l\u00e9nyeg\u00e9hez k\u00e9pest, ami \u00f6sszef\u00fcgg azzal, ami miatt a VSM elk\u00e9sz\u00edt\u00e9s\u00e9t k\u00e9zzel javasoljuk. A l\u00e9nyeg nem az, hogy az \u201eabszol\u00fat optim\u00e1lis term\u00e9k\u00e1raml\u00e1s\u201d legjobban k\u00e9zzel sz\u00e1m\u00edthat\u00f3 ki.&nbsp;<strong>Term\u00e9szetesen nem!<\/strong>&nbsp;Az amerikai gy\u00e1rt\u00e1s k\u00f6zponti probl\u00e9m\u00e1i ak\u00f6r\u00fcl a t\u00e9ny k\u00f6r\u00fcl forognak, hogy alkalmatlan algoritmusaink vannak? M\u00e9g egy, nagyobb \u00e9s jobb szoftvercsomagra van sz\u00fcks\u00e9g\u00fcnk? A rajzok k\u00e9zi elk\u00e9sz\u00edt\u00e9s\u00e9nek el\u0151nye, hogy r\u00e1k\u00e9nyszer\u00edti k\u00e9sz\u00edt\u0151j\u00e9t, hogy menjen, n\u00e9zze \u00e9s vizsg\u00e1lja meg, majd pr\u00f3b\u00e1lja val\u00f3ban l\u00e1tni, hogy mi t\u00f6rt\u00e9nik az \u00e9rt\u00e9kfolyamat \u2013 nem pedig csak egy k\u00fcl\u00f6n\u00e1ll\u00f3 tev\u00e9kenys\u00e9g \u2013 szintj\u00e9n.<\/p>\n\n\n\n<p>T\u00f6bb matematikus is mutatott nekem olyan algoritmusokat, amelyekr\u0151l azt \u00e1ll\u00edtott\u00e1k, hogy \u201egyorsabb anyag\u00e1raml\u00e1s \u00e9rhet\u0151 el vel\u00fck a rendszeren kereszt\u00fcl\u201d, mint a \u201eToyota h\u00faz\u00f3rendszer\u00e9vel\u201d. Mindig ugyanazt mondom nekik: \u201eTal\u00e1n. Viszont teljesen&nbsp;<strong>f\u00e9lre\u00e9rti a l\u00e9nyeget<\/strong>.\u201d A l\u00e9nyeg ink\u00e1bb a megfigyel\u00e9s \u00e9s a tanul\u00e1s k\u00f6r\u00fcl forog. Bizony\u00e1ra, nem hangzik olyan izgalmasan, mint egy szoftver, ami \u201ekidobja a \u2019helyes\u2019 v\u00e1laszt\u201d. De nincs \u201ehelyes v\u00e1lasz\u201d. A v\u00e1laszt mi, gyakorl\u00f3 gy\u00e1rt\u00e1si szakemberek \u00e9s vezet\u0151k hat\u00e1rozzuk meg az\u00e1ltal, hogy az embereinket v\u00e9gigvezetj\u00fck az \u00e9rt\u00e9kfolyamataink val\u00f3s m\u0171k\u00f6d\u00e9s\u00e9nek megismer\u00e9s\u00e9hez vezet\u0151 folyamaton. Ide\u00e1lis elm\u00e9letek kidolgoz\u00e1s\u00e1ban j\u00f3k vagyunk. Hi\u00e1nyoss\u00e1gunk a megval\u00f3s\u00edt\u00e1s egy\u00fcttes k\u00e9pess\u00e9ge, az innov\u00e1ci\u00f3, valamit a probl\u00e9m\u00e1k \u00e1ltal el\u0151id\u00e9zett v\u00e1ratlan esem\u00e9nyekre val\u00f3 reakci\u00f3 ter\u00e9n van.<\/p>\n\n\n\n<p>A Learning to See eme hi\u00e1nyoss\u00e1g kezel\u00e9s\u00e9re volt egy pr\u00f3ba. Term\u00e9szetesen a LTS nem teljes megold\u00e1s egy ilyen nagy probl\u00e9m\u00e1ra. De, tal\u00e1n ez egy kezdet. Hogy \u00fajra csak ism\u00e9teljem, innen j\u00f6tt a c\u00edm. Rajzolsz egy t\u00e9rk\u00e9pet \u00e9s igen, szem\u00e9lyes megfigyel\u00e9s alapj\u00e1n rajzolod.<strong>&nbsp;Ez a fontos, nem maga a t\u00e9rk\u00e9p!&nbsp;<\/strong>Ami l\u00e9nyeges, hogy megpr\u00f3b\u00e1ld igaz\u00e1n l\u00e1tni, hogy mi t\u00f6rt\u00e9nik. A Learning to See \u00e1ltal bemutatott esetben, a k\u00f6z\u00e9ppontban az \u00fczem ajt\u00f3t\u00f3l-ajt\u00f3ig t\u00f6rt\u00e9n\u0151 megfigyel\u00e9se \u00e1ll. Ezut\u00e1n haszn\u00e1lhatod a t\u00e9rk\u00e9pet egy v\u00edzi\u00f3 megalkot\u00e1s\u00e1hoz \u00e9s annak terv szerinti teljes\u00edt\u00e9s\u00e9hez.<\/p>\n\n\n\n<p>Ezt elk\u00fcld\u00f6m, azt\u00e1n f\u00e9lre\u00e1llok, \u00e9s rem\u00e9lem, nem n\u00f6veltem a z\u0171rzavart!<\/p>\n\n\n\n<p><em>Forr\u00e1s: lean.org<br>A cikk eredeti, angol nyelv\u0171 v\u00e1ltozata&nbsp;<a href=\"http:\/\/www.lean.org\/Library\/Shook_on_VSM_Misunderstandings.pdf\" target=\"_blank\" rel=\"noreferrer noopener\">itt<\/a>&nbsp;olvashat\u00f3.<\/em><\/p>\n\n\n\n<p>K\u00e9rj\u00fck, amennyiben a ford\u00edt\u00e1ssal kapcsolatban \u00e9szrev\u00e9teled van, jelezd azt az&nbsp;<a rel=\"noreferrer noopener\" href=\"mailto:info@lean.org.hu\" target=\"_blank\">info@lean.org.hu<\/a>&nbsp;e-mail c\u00edmen.<\/p>\n\n\n\n<div class=\"wp-block-group\"><div class=\"wp-block-group__inner-container is-layout-flow wp-block-group-is-layout-flow\">\n<h2 class=\"wp-block-heading\">K\u00f6nyvaj\u00e1nl\u00f3<\/h2>\n\n\n\n<div class=\"wp-block-columns is-layout-flex wp-container-core-columns-is-layout-9d6595d7 wp-block-columns-is-layout-flex\">\n<div class=\"wp-block-column is-layout-flow wp-block-column-is-layout-flow\" style=\"flex-basis:66.66%\">\n<p>R\u00f6videbb \u00e1tfut\u00e1si id\u0151t szeretn\u00e9l el\u00e9rni?<br><\/p>\n\n\n\n<p>Szeretn\u00e9d alacsonyabb k\u00f6lts\u00e9gen m\u0171k\u00f6dtetni a folyamatokat?<br><\/p>\n\n\n\n<p>C\u00e9lodul t\u0171zted ki a vesztes\u00e9gforr\u00e1sok megsz\u00fcntet\u00e9s\u00e9t?<\/p>\n<\/div>\n\n\n\n<div class=\"wp-block-column is-layout-flow wp-block-column-is-layout-flow\" style=\"flex-basis:33.33%\">\n<div class=\"wp-block-image is-style-rounded\"><figure class=\"aligncenter size-large is-resized\"><a href=\"https:\/\/lean.org.hu\/en\/lean-konyvesbolt\/tanulj-meg-latni-learning-to-see-vsm\/\" target=\"_blank\" rel=\"noopener\"><img loading=\"lazy\" decoding=\"async\" src=\"https:\/\/lean.org.hu\/wp-content\/uploads\/2020\/11\/Tanulj-meg-la\u0301tni.jpg\" alt=\"Tanulj meg l\u00e1tni\" class=\"wp-image-3696\" width=\"173\" height=\"173\" srcset=\"https:\/\/lean.org.hu\/wp-content\/uploads\/2020\/11\/Tanulj-meg-la\u0301tni.jpg 300w, https:\/\/lean.org.hu\/wp-content\/uploads\/2020\/11\/Tanulj-meg-la\u0301tni-200x200.jpg 200w, https:\/\/lean.org.hu\/wp-content\/uploads\/2020\/11\/Tanulj-meg-la\u0301tni-100x100.jpg 100w, https:\/\/lean.org.hu\/wp-content\/uploads\/2020\/11\/Tanulj-meg-la\u0301tni-150x150.jpg 150w\" sizes=\"(max-width: 173px) 100vw, 173px\" \/><\/a><\/figure><\/div>\n<\/div>\n<\/div>\n\n\n\n<p><em>Az \u00e9rt\u00e9kfolyamat-t\u00e9rk\u00e9pez\u00e9snek nevezett m\u00f3dszer<\/em> kiv\u00e9telesen hat\u00e9kony eszk\u00f6z lehet a fenti c\u00e9lok megval\u00f3s\u00edt\u00e1sban. A m\u00f3dszer elsaj\u00e1t\u00edt\u00e1s\u00e1nak leghat\u00e9konyabb eszk\u00f6ze pedig <strong><em>Learning to See<\/em><\/strong> c\u00edm\u0171 k\u00f6nyv.<\/p>\n\n\n\n<div class=\"wp-block-buttons is-content-justification-center is-layout-flex wp-container-core-buttons-is-layout-16018d1d wp-block-buttons-is-layout-flex\">\n<div class=\"wp-block-button\"><a class=\"wp-block-button__link\" href=\"https:\/\/lean.org.hu\/en\/lean-konyvesbolt\/tanulj-meg-latni-learning-to-see-vsm\/\" style=\"border-radius:5px\" target=\"_blank\" rel=\"noreferrer noopener\">Rendeld meg most!<\/a><\/div>\n<\/div>\n<\/div><\/div>\n\n\n\n<p><\/p>","protected":false},"excerpt":{"rendered":"","protected":false},"author":9,"featured_media":1685,"comment_status":"closed","ping_status":"open","sticky":false,"template":"","format":"standard","meta":{"_eb_attr":"","footnotes":""},"categories":[38,17],"tags":[19,54,74],"class_list":["post-1678","post","type-post","status-publish","format-standard","has-post-thumbnail","hentry","category-eszkozok","category-lean-cikkek","tag-eszkozok","tag-taiichi-ohno","tag-vsm","infinite-scroll-item","masonry-post","generate-columns","tablet-grid-50","mobile-grid-100","grid-parent","grid-33","no-featured-image-padding"],"featured_image_src":"https:\/\/lean.org.hu\/wp-content\/uploads\/2015\/03\/f\u00e9lre\u00e9rt\u00e9sek-az-\u00e9rt\u00e9kfolyamat_SEO_1200x628.jpg","author_info":{"display_name":"nesicz.regina","author_link":"https:\/\/lean.org.hu\/en\/author\/nesicz-regina\/"},"yoast_head":"<!-- This site is optimized with the Yoast SEO plugin v27.5 - https:\/\/yoast.com\/product\/yoast-seo-wordpress\/ -->\n<title>F\u00e9lre\u00e9rt\u00e9sek az \u00e9rt\u00e9kfolyamat t\u00e9rk\u00e9pez\u00e9s (VSM) ter\u00e9n - LEI<\/title>\n<meta name=\"description\" content=\"Szakmai cikk\u00fcnkben sort ker\u00edt\u00fcnk az \u00fctemid\u0151 (takt time), az \u00e9rt\u00e9kfolyamat t\u00e9rk\u00e9pez\u00e9s (VSM) \u00e9s a \u201elean \u00e1raml\u00e1s\u201d (\u201elean flow\u201d) megvitat\u00e1s\u00e1ra.\" \/>\n<meta name=\"robots\" content=\"index, follow, max-snippet:-1, max-image-preview:large, max-video-preview:-1\" \/>\n<link rel=\"canonical\" href=\"https:\/\/lean.org.hu\/en\/eszkozok\/felreertesek-a-vsm-az-aramlas-analizis-es-az-utemido-teren\/\" \/>\n<meta property=\"og:locale\" content=\"en_GB\" \/>\n<meta property=\"og:type\" content=\"article\" \/>\n<meta property=\"og:title\" content=\"F\u00e9lre\u00e9rt\u00e9sek az \u00e9rt\u00e9kfolyamat t\u00e9rk\u00e9pez\u00e9s, az \u00e1raml\u00e1s anal\u00edzis \u00e9s az \u00fctemid\u0151 ter\u00e9n\" \/>\n<meta property=\"og:description\" content=\"Szakmai cikk\u00fcnkben sort ker\u00edt\u00fcnk az \u00fctemid\u0151 (takt time), az \u00e9rt\u00e9kfolyamat t\u00e9rk\u00e9pez\u00e9s (VSM) \u00e9s a \u201elean \u00e1raml\u00e1s\u201d (\u201elean flow\u201d) megvitat\u00e1s\u00e1ra.\" \/>\n<meta property=\"og:url\" content=\"https:\/\/lean.org.hu\/en\/eszkozok\/felreertesek-a-vsm-az-aramlas-analizis-es-az-utemido-teren\/\" \/>\n<meta property=\"og:site_name\" content=\"LEI\" \/>\n<meta property=\"article:publisher\" content=\"https:\/\/www.facebook.com\/LEI.Hungary\" \/>\n<meta property=\"article:published_time\" content=\"2015-03-21T09:12:00+00:00\" \/>\n<meta property=\"article:modified_time\" content=\"2021-06-01T11:19:12+00:00\" \/>\n<meta property=\"og:image\" content=\"https:\/\/lean.org.hu\/wp-content\/uploads\/2015\/03\/f\u00e9lre\u00e9rt\u00e9sek-az-\u00e9rt\u00e9kfolyamat_SEO_1200x628.jpg\" \/>\n\t<meta property=\"og:image:width\" content=\"1200\" \/>\n\t<meta property=\"og:image:height\" content=\"628\" \/>\n\t<meta property=\"og:image:type\" content=\"image\/jpeg\" \/>\n<meta name=\"author\" content=\"nesicz.regina\" \/>\n<meta name=\"twitter:card\" content=\"summary_large_image\" \/>\n<meta name=\"twitter:label1\" content=\"Written by\" \/>\n\t<meta name=\"twitter:data1\" content=\"nesicz.regina\" \/>\n\t<meta name=\"twitter:label2\" content=\"Estimated reading time\" \/>\n\t<meta name=\"twitter:data2\" content=\"10 minutes\" \/>\n<script type=\"application\/ld+json\" class=\"yoast-schema-graph\">{\"@context\":\"https:\\\/\\\/schema.org\",\"@graph\":[{\"@type\":\"Article\",\"@id\":\"https:\\\/\\\/lean.org.hu\\\/eszkozok\\\/felreertesek-a-vsm-az-aramlas-analizis-es-az-utemido-teren\\\/#article\",\"isPartOf\":{\"@id\":\"https:\\\/\\\/lean.org.hu\\\/lean-cikkek\\\/felreertesek-a-vsm-az-aramlas-analizis-es-az-utemido-teren\\\/\"},\"author\":{\"name\":\"nesicz.regina\",\"@id\":\"https:\\\/\\\/lean.org.hu\\\/#\\\/schema\\\/person\\\/b3a35e1e0731cc7e3492f4d57685366d\"},\"headline\":\"F\u00e9lre\u00e9rt\u00e9sek az \u00e9rt\u00e9kfolyamat t\u00e9rk\u00e9pez\u00e9s, az \u00e1raml\u00e1s anal\u00edzis \u00e9s az \u00fctemid\u0151 ter\u00e9n\",\"datePublished\":\"2015-03-21T09:12:00+00:00\",\"dateModified\":\"2021-06-01T11:19:12+00:00\",\"mainEntityOfPage\":{\"@id\":\"https:\\\/\\\/lean.org.hu\\\/lean-cikkek\\\/felreertesek-a-vsm-az-aramlas-analizis-es-az-utemido-teren\\\/\"},\"wordCount\":3172,\"publisher\":{\"@id\":\"https:\\\/\\\/lean.org.hu\\\/#organization\"},\"image\":{\"@id\":\"https:\\\/\\\/lean.org.hu\\\/eszkozok\\\/felreertesek-a-vsm-az-aramlas-analizis-es-az-utemido-teren\\\/#primaryimage\"},\"thumbnailUrl\":\"https:\\\/\\\/lean.org.hu\\\/wp-content\\\/uploads\\\/2015\\\/03\\\/f\u00e9lre\u00e9rt\u00e9sek-az-\u00e9rt\u00e9kfolyamat_SEO_1200x628.jpg\",\"keywords\":[\"eszk\u00f6z\u00f6k\",\"Taiichi Ohno\",\"VSM\"],\"articleSection\":[\"eszk\u00f6z\u00f6k\",\"Tud\u00e1sb\u00e1zis\"],\"inLanguage\":\"en-GB\"},{\"@type\":\"WebPage\",\"@id\":\"https:\\\/\\\/lean.org.hu\\\/lean-cikkek\\\/felreertesek-a-vsm-az-aramlas-analizis-es-az-utemido-teren\\\/\",\"url\":\"https:\\\/\\\/lean.org.hu\\\/eszkozok\\\/felreertesek-a-vsm-az-aramlas-analizis-es-az-utemido-teren\\\/\",\"name\":\"F\u00e9lre\u00e9rt\u00e9sek az \u00e9rt\u00e9kfolyamat t\u00e9rk\u00e9pez\u00e9s (VSM) ter\u00e9n - LEI\",\"isPartOf\":{\"@id\":\"https:\\\/\\\/lean.org.hu\\\/#website\"},\"primaryImageOfPage\":{\"@id\":\"https:\\\/\\\/lean.org.hu\\\/eszkozok\\\/felreertesek-a-vsm-az-aramlas-analizis-es-az-utemido-teren\\\/#primaryimage\"},\"image\":{\"@id\":\"https:\\\/\\\/lean.org.hu\\\/eszkozok\\\/felreertesek-a-vsm-az-aramlas-analizis-es-az-utemido-teren\\\/#primaryimage\"},\"thumbnailUrl\":\"https:\\\/\\\/lean.org.hu\\\/wp-content\\\/uploads\\\/2015\\\/03\\\/f\u00e9lre\u00e9rt\u00e9sek-az-\u00e9rt\u00e9kfolyamat_SEO_1200x628.jpg\",\"datePublished\":\"2015-03-21T09:12:00+00:00\",\"dateModified\":\"2021-06-01T11:19:12+00:00\",\"description\":\"Szakmai cikk\u00fcnkben sort ker\u00edt\u00fcnk az \u00fctemid\u0151 (takt time), az \u00e9rt\u00e9kfolyamat t\u00e9rk\u00e9pez\u00e9s (VSM) \u00e9s a \u201elean \u00e1raml\u00e1s\u201d (\u201elean flow\u201d) megvitat\u00e1s\u00e1ra.\",\"breadcrumb\":{\"@id\":\"https:\\\/\\\/lean.org.hu\\\/eszkozok\\\/felreertesek-a-vsm-az-aramlas-analizis-es-az-utemido-teren\\\/#breadcrumb\"},\"inLanguage\":\"en-GB\",\"potentialAction\":[{\"@type\":\"ReadAction\",\"target\":[\"https:\\\/\\\/lean.org.hu\\\/eszkozok\\\/felreertesek-a-vsm-az-aramlas-analizis-es-az-utemido-teren\\\/\"]}]},{\"@type\":\"ImageObject\",\"inLanguage\":\"en-GB\",\"@id\":\"https:\\\/\\\/lean.org.hu\\\/eszkozok\\\/felreertesek-a-vsm-az-aramlas-analizis-es-az-utemido-teren\\\/#primaryimage\",\"url\":\"https:\\\/\\\/lean.org.hu\\\/wp-content\\\/uploads\\\/2015\\\/03\\\/f\u00e9lre\u00e9rt\u00e9sek-az-\u00e9rt\u00e9kfolyamat_SEO_1200x628.jpg\",\"contentUrl\":\"https:\\\/\\\/lean.org.hu\\\/wp-content\\\/uploads\\\/2015\\\/03\\\/f\u00e9lre\u00e9rt\u00e9sek-az-\u00e9rt\u00e9kfolyamat_SEO_1200x628.jpg\",\"width\":1200,\"height\":628,\"caption\":\"\u00d3ra\"},{\"@type\":\"BreadcrumbList\",\"@id\":\"https:\\\/\\\/lean.org.hu\\\/eszkozok\\\/felreertesek-a-vsm-az-aramlas-analizis-es-az-utemido-teren\\\/#breadcrumb\",\"itemListElement\":[{\"@type\":\"ListItem\",\"position\":1,\"name\":\"Kezd\u0151lap\",\"item\":\"https:\\\/\\\/lean.org.hu\\\/\"},{\"@type\":\"ListItem\",\"position\":2,\"name\":\"F\u00e9lre\u00e9rt\u00e9sek az \u00e9rt\u00e9kfolyamat t\u00e9rk\u00e9pez\u00e9s, az \u00e1raml\u00e1s anal\u00edzis \u00e9s az \u00fctemid\u0151 ter\u00e9n\"}]},{\"@type\":\"WebSite\",\"@id\":\"https:\\\/\\\/lean.org.hu\\\/#website\",\"url\":\"https:\\\/\\\/lean.org.hu\\\/\",\"name\":\"LEI\",\"description\":\"\",\"publisher\":{\"@id\":\"https:\\\/\\\/lean.org.hu\\\/#organization\"},\"potentialAction\":[{\"@type\":\"SearchAction\",\"target\":{\"@type\":\"EntryPoint\",\"urlTemplate\":\"https:\\\/\\\/lean.org.hu\\\/?s={search_term_string}\"},\"query-input\":{\"@type\":\"PropertyValueSpecification\",\"valueRequired\":true,\"valueName\":\"search_term_string\"}}],\"inLanguage\":\"en-GB\"},{\"@type\":\"Organization\",\"@id\":\"https:\\\/\\\/lean.org.hu\\\/#organization\",\"name\":\"LEI\",\"url\":\"https:\\\/\\\/lean.org.hu\\\/\",\"logo\":{\"@type\":\"ImageObject\",\"inLanguage\":\"en-GB\",\"@id\":\"https:\\\/\\\/lean.org.hu\\\/#\\\/schema\\\/logo\\\/image\\\/\",\"url\":\"https:\\\/\\\/lean.org.hu\\\/wp-content\\\/uploads\\\/2020\\\/07\\\/cropped-lean_logo_final_color_horizontal.png\",\"contentUrl\":\"https:\\\/\\\/lean.org.hu\\\/wp-content\\\/uploads\\\/2020\\\/07\\\/cropped-lean_logo_final_color_horizontal.png\",\"width\":779,\"height\":288,\"caption\":\"LEI\"},\"image\":{\"@id\":\"https:\\\/\\\/lean.org.hu\\\/#\\\/schema\\\/logo\\\/image\\\/\"},\"sameAs\":[\"https:\\\/\\\/www.facebook.com\\\/LEI.Hungary\",\"https:\\\/\\\/www.linkedin.com\\\/company\\\/lean-enterprise-institute-hungary\"]},{\"@type\":\"Person\",\"@id\":\"https:\\\/\\\/lean.org.hu\\\/#\\\/schema\\\/person\\\/b3a35e1e0731cc7e3492f4d57685366d\",\"name\":\"nesicz.regina\",\"image\":{\"@type\":\"ImageObject\",\"inLanguage\":\"en-GB\",\"@id\":\"https:\\\/\\\/secure.gravatar.com\\\/avatar\\\/82e6ace1f37342762993b93a43500b1882b5b6454e475141eab9afdd14434f8f?s=96&d=mm&r=g\",\"url\":\"https:\\\/\\\/secure.gravatar.com\\\/avatar\\\/82e6ace1f37342762993b93a43500b1882b5b6454e475141eab9afdd14434f8f?s=96&d=mm&r=g\",\"contentUrl\":\"https:\\\/\\\/secure.gravatar.com\\\/avatar\\\/82e6ace1f37342762993b93a43500b1882b5b6454e475141eab9afdd14434f8f?s=96&d=mm&r=g\",\"caption\":\"nesicz.regina\"}}]}<\/script>\n<!-- \/ Yoast SEO plugin. -->","yoast_head_json":{"title":"F\u00e9lre\u00e9rt\u00e9sek az \u00e9rt\u00e9kfolyamat t\u00e9rk\u00e9pez\u00e9s (VSM) ter\u00e9n - LEI","description":"Szakmai cikk\u00fcnkben sort ker\u00edt\u00fcnk az \u00fctemid\u0151 (takt time), az \u00e9rt\u00e9kfolyamat t\u00e9rk\u00e9pez\u00e9s (VSM) \u00e9s a \u201elean \u00e1raml\u00e1s\u201d (\u201elean flow\u201d) megvitat\u00e1s\u00e1ra.","robots":{"index":"index","follow":"follow","max-snippet":"max-snippet:-1","max-image-preview":"max-image-preview:large","max-video-preview":"max-video-preview:-1"},"canonical":"https:\/\/lean.org.hu\/en\/eszkozok\/felreertesek-a-vsm-az-aramlas-analizis-es-az-utemido-teren\/","og_locale":"en_GB","og_type":"article","og_title":"F\u00e9lre\u00e9rt\u00e9sek az \u00e9rt\u00e9kfolyamat t\u00e9rk\u00e9pez\u00e9s, az \u00e1raml\u00e1s anal\u00edzis \u00e9s az \u00fctemid\u0151 ter\u00e9n","og_description":"Szakmai cikk\u00fcnkben sort ker\u00edt\u00fcnk az \u00fctemid\u0151 (takt time), az \u00e9rt\u00e9kfolyamat t\u00e9rk\u00e9pez\u00e9s (VSM) \u00e9s a \u201elean \u00e1raml\u00e1s\u201d (\u201elean flow\u201d) megvitat\u00e1s\u00e1ra.","og_url":"https:\/\/lean.org.hu\/en\/eszkozok\/felreertesek-a-vsm-az-aramlas-analizis-es-az-utemido-teren\/","og_site_name":"LEI","article_publisher":"https:\/\/www.facebook.com\/LEI.Hungary","article_published_time":"2015-03-21T09:12:00+00:00","article_modified_time":"2021-06-01T11:19:12+00:00","og_image":[{"width":1200,"height":628,"url":"https:\/\/lean.org.hu\/wp-content\/uploads\/2015\/03\/f\u00e9lre\u00e9rt\u00e9sek-az-\u00e9rt\u00e9kfolyamat_SEO_1200x628.jpg","type":"image\/jpeg"}],"author":"nesicz.regina","twitter_card":"summary_large_image","twitter_misc":{"Written by":"nesicz.regina","Estimated reading time":"10 minutes"},"schema":{"@context":"https:\/\/schema.org","@graph":[{"@type":"Article","@id":"https:\/\/lean.org.hu\/eszkozok\/felreertesek-a-vsm-az-aramlas-analizis-es-az-utemido-teren\/#article","isPartOf":{"@id":"https:\/\/lean.org.hu\/lean-cikkek\/felreertesek-a-vsm-az-aramlas-analizis-es-az-utemido-teren\/"},"author":{"name":"nesicz.regina","@id":"https:\/\/lean.org.hu\/#\/schema\/person\/b3a35e1e0731cc7e3492f4d57685366d"},"headline":"F\u00e9lre\u00e9rt\u00e9sek az \u00e9rt\u00e9kfolyamat t\u00e9rk\u00e9pez\u00e9s, az \u00e1raml\u00e1s anal\u00edzis \u00e9s az \u00fctemid\u0151 ter\u00e9n","datePublished":"2015-03-21T09:12:00+00:00","dateModified":"2021-06-01T11:19:12+00:00","mainEntityOfPage":{"@id":"https:\/\/lean.org.hu\/lean-cikkek\/felreertesek-a-vsm-az-aramlas-analizis-es-az-utemido-teren\/"},"wordCount":3172,"publisher":{"@id":"https:\/\/lean.org.hu\/#organization"},"image":{"@id":"https:\/\/lean.org.hu\/eszkozok\/felreertesek-a-vsm-az-aramlas-analizis-es-az-utemido-teren\/#primaryimage"},"thumbnailUrl":"https:\/\/lean.org.hu\/wp-content\/uploads\/2015\/03\/f\u00e9lre\u00e9rt\u00e9sek-az-\u00e9rt\u00e9kfolyamat_SEO_1200x628.jpg","keywords":["eszk\u00f6z\u00f6k","Taiichi Ohno","VSM"],"articleSection":["eszk\u00f6z\u00f6k","Tud\u00e1sb\u00e1zis"],"inLanguage":"en-GB"},{"@type":"WebPage","@id":"https:\/\/lean.org.hu\/lean-cikkek\/felreertesek-a-vsm-az-aramlas-analizis-es-az-utemido-teren\/","url":"https:\/\/lean.org.hu\/eszkozok\/felreertesek-a-vsm-az-aramlas-analizis-es-az-utemido-teren\/","name":"F\u00e9lre\u00e9rt\u00e9sek az \u00e9rt\u00e9kfolyamat t\u00e9rk\u00e9pez\u00e9s (VSM) ter\u00e9n - LEI","isPartOf":{"@id":"https:\/\/lean.org.hu\/#website"},"primaryImageOfPage":{"@id":"https:\/\/lean.org.hu\/eszkozok\/felreertesek-a-vsm-az-aramlas-analizis-es-az-utemido-teren\/#primaryimage"},"image":{"@id":"https:\/\/lean.org.hu\/eszkozok\/felreertesek-a-vsm-az-aramlas-analizis-es-az-utemido-teren\/#primaryimage"},"thumbnailUrl":"https:\/\/lean.org.hu\/wp-content\/uploads\/2015\/03\/f\u00e9lre\u00e9rt\u00e9sek-az-\u00e9rt\u00e9kfolyamat_SEO_1200x628.jpg","datePublished":"2015-03-21T09:12:00+00:00","dateModified":"2021-06-01T11:19:12+00:00","description":"Szakmai cikk\u00fcnkben sort ker\u00edt\u00fcnk az \u00fctemid\u0151 (takt time), az \u00e9rt\u00e9kfolyamat t\u00e9rk\u00e9pez\u00e9s (VSM) \u00e9s a \u201elean \u00e1raml\u00e1s\u201d (\u201elean flow\u201d) megvitat\u00e1s\u00e1ra.","breadcrumb":{"@id":"https:\/\/lean.org.hu\/eszkozok\/felreertesek-a-vsm-az-aramlas-analizis-es-az-utemido-teren\/#breadcrumb"},"inLanguage":"en-GB","potentialAction":[{"@type":"ReadAction","target":["https:\/\/lean.org.hu\/eszkozok\/felreertesek-a-vsm-az-aramlas-analizis-es-az-utemido-teren\/"]}]},{"@type":"ImageObject","inLanguage":"en-GB","@id":"https:\/\/lean.org.hu\/eszkozok\/felreertesek-a-vsm-az-aramlas-analizis-es-az-utemido-teren\/#primaryimage","url":"https:\/\/lean.org.hu\/wp-content\/uploads\/2015\/03\/f\u00e9lre\u00e9rt\u00e9sek-az-\u00e9rt\u00e9kfolyamat_SEO_1200x628.jpg","contentUrl":"https:\/\/lean.org.hu\/wp-content\/uploads\/2015\/03\/f\u00e9lre\u00e9rt\u00e9sek-az-\u00e9rt\u00e9kfolyamat_SEO_1200x628.jpg","width":1200,"height":628,"caption":"\u00d3ra"},{"@type":"BreadcrumbList","@id":"https:\/\/lean.org.hu\/eszkozok\/felreertesek-a-vsm-az-aramlas-analizis-es-az-utemido-teren\/#breadcrumb","itemListElement":[{"@type":"ListItem","position":1,"name":"Kezd\u0151lap","item":"https:\/\/lean.org.hu\/"},{"@type":"ListItem","position":2,"name":"F\u00e9lre\u00e9rt\u00e9sek az \u00e9rt\u00e9kfolyamat t\u00e9rk\u00e9pez\u00e9s, az \u00e1raml\u00e1s anal\u00edzis \u00e9s az \u00fctemid\u0151 ter\u00e9n"}]},{"@type":"WebSite","@id":"https:\/\/lean.org.hu\/#website","url":"https:\/\/lean.org.hu\/","name":"LEI","description":"","publisher":{"@id":"https:\/\/lean.org.hu\/#organization"},"potentialAction":[{"@type":"SearchAction","target":{"@type":"EntryPoint","urlTemplate":"https:\/\/lean.org.hu\/?s={search_term_string}"},"query-input":{"@type":"PropertyValueSpecification","valueRequired":true,"valueName":"search_term_string"}}],"inLanguage":"en-GB"},{"@type":"Organization","@id":"https:\/\/lean.org.hu\/#organization","name":"LEI","url":"https:\/\/lean.org.hu\/","logo":{"@type":"ImageObject","inLanguage":"en-GB","@id":"https:\/\/lean.org.hu\/#\/schema\/logo\/image\/","url":"https:\/\/lean.org.hu\/wp-content\/uploads\/2020\/07\/cropped-lean_logo_final_color_horizontal.png","contentUrl":"https:\/\/lean.org.hu\/wp-content\/uploads\/2020\/07\/cropped-lean_logo_final_color_horizontal.png","width":779,"height":288,"caption":"LEI"},"image":{"@id":"https:\/\/lean.org.hu\/#\/schema\/logo\/image\/"},"sameAs":["https:\/\/www.facebook.com\/LEI.Hungary","https:\/\/www.linkedin.com\/company\/lean-enterprise-institute-hungary"]},{"@type":"Person","@id":"https:\/\/lean.org.hu\/#\/schema\/person\/b3a35e1e0731cc7e3492f4d57685366d","name":"nesicz.regina","image":{"@type":"ImageObject","inLanguage":"en-GB","@id":"https:\/\/secure.gravatar.com\/avatar\/82e6ace1f37342762993b93a43500b1882b5b6454e475141eab9afdd14434f8f?s=96&d=mm&r=g","url":"https:\/\/secure.gravatar.com\/avatar\/82e6ace1f37342762993b93a43500b1882b5b6454e475141eab9afdd14434f8f?s=96&d=mm&r=g","contentUrl":"https:\/\/secure.gravatar.com\/avatar\/82e6ace1f37342762993b93a43500b1882b5b6454e475141eab9afdd14434f8f?s=96&d=mm&r=g","caption":"nesicz.regina"}}]}},"_links":{"self":[{"href":"https:\/\/lean.org.hu\/en\/wp-json\/wp\/v2\/posts\/1678","targetHints":{"allow":["GET"]}}],"collection":[{"href":"https:\/\/lean.org.hu\/en\/wp-json\/wp\/v2\/posts"}],"about":[{"href":"https:\/\/lean.org.hu\/en\/wp-json\/wp\/v2\/types\/post"}],"author":[{"embeddable":true,"href":"https:\/\/lean.org.hu\/en\/wp-json\/wp\/v2\/users\/9"}],"replies":[{"embeddable":true,"href":"https:\/\/lean.org.hu\/en\/wp-json\/wp\/v2\/comments?post=1678"}],"version-history":[{"count":5,"href":"https:\/\/lean.org.hu\/en\/wp-json\/wp\/v2\/posts\/1678\/revisions"}],"predecessor-version":[{"id":28685,"href":"https:\/\/lean.org.hu\/en\/wp-json\/wp\/v2\/posts\/1678\/revisions\/28685"}],"wp:featuredmedia":[{"embeddable":true,"href":"https:\/\/lean.org.hu\/en\/wp-json\/wp\/v2\/media\/1685"}],"wp:attachment":[{"href":"https:\/\/lean.org.hu\/en\/wp-json\/wp\/v2\/media?parent=1678"}],"wp:term":[{"taxonomy":"category","embeddable":true,"href":"https:\/\/lean.org.hu\/en\/wp-json\/wp\/v2\/categories?post=1678"},{"taxonomy":"post_tag","embeddable":true,"href":"https:\/\/lean.org.hu\/en\/wp-json\/wp\/v2\/tags?post=1678"}],"curies":[{"name":"wp","href":"https:\/\/api.w.org\/{rel}","templated":true}]}}