{"id":146333,"date":"2024-11-29T10:35:22","date_gmt":"2024-11-29T09:35:22","guid":{"rendered":"https:\/\/lean.org.hu\/?p=146333"},"modified":"2025-02-07T13:15:01","modified_gmt":"2025-02-07T12:15:01","slug":"logisztikai-kaizen-szedesi-folyamat-avagy-az-ordog-a-reszletekben-rejlik","status":"publish","type":"post","link":"https:\/\/lean.org.hu\/en\/logisztikai-kaizen-szedesi-folyamat-avagy-az-ordog-a-reszletekben-rejlik","title":{"rendered":"Logisztikai kaizen \u2013 szed\u00e9si folyamat, avagy az \u00f6rd\u00f6g a r\u00e9szletekben rejlik!"},"content":{"rendered":"<p class=\"has-medium-font-size\"><strong>T\u00f6rt\u00e9netek a gemb\u00e1r\u00f3l sorozat<\/strong><\/p>\n\n\n\n<p><\/p>\n\n\n\n<p><em>A szakmai cikk elolvas\u00e1s\u00e1hoz sz\u00fcks\u00e9ges id\u0151: kb. 4 perc<\/em><\/p>\n\n\n\n<div class=\"wp-block-columns is-layout-flex wp-container-core-columns-is-layout-9d6595d7 wp-block-columns-is-layout-flex\">\n<div class=\"wp-block-column is-layout-flow wp-block-column-is-layout-flow\" style=\"flex-basis:100px\">\n<figure class=\"wp-block-image size-full is-resized is-style-rounded\"><img decoding=\"async\" src=\"https:\/\/lean.org.hu\/wp-content\/uploads\/2024\/10\/Antal-Agnes.png\" alt=\"\" class=\"wp-image-146059\" style=\"width:90px;height:90px\"\/><\/figure>\n<\/div>\n\n\n\n<div class=\"wp-block-column is-layout-flow wp-block-column-is-layout-flow\">\n<div style=\"height:25px\" aria-hidden=\"true\" class=\"wp-block-spacer\"><\/div>\n\n\n\n<p class=\"has-text-align-left\"><strong>Szerz\u0151:<\/strong> <a href=\"https:\/\/lean.org.hu\/en\/leih\/munkatarsaink\/#antalagnes\" target=\"_blank\" rel=\"noreferrer noopener\">Antal \u00c1gnes<\/a> \u2013 lean coach<\/p>\n<\/div>\n<\/div>\n\n\n\n<div style=\"height:15px\" aria-hidden=\"true\" class=\"wp-block-spacer\"><\/div>\n\n\n\n<h2 class=\"wp-block-heading\" id=\"hatter\"><strong><strong><strong>A kaizen workshop h\u00e1ttere<\/strong><\/strong><\/strong><\/h2>\n\n\n\n<p>Nemr\u00e9g <strong>egynapos kaizen workshopot<\/strong> szervezt\u00fcnk <strong>Cevdet \u00d6zdogan<\/strong> t\u00e1mogat\u00e1s\u00e1val, aki nemzetk\u00f6zi h\u00e1l\u00f3zatunk t\u00f6bb \u00e9vtizedes tapasztalattal rendelkez\u0151, <strong>ex-toyot\u00e1s sensei<\/strong>-e.<\/p>\n\n\n\n<p>A kaizen helysz\u00edne egy alf\u00f6ldi <strong>disztrib\u00faci\u00f3s k\u00f6zpont<\/strong> volt. A nap sor\u00e1n a h\u00e1zigazda munkat\u00e1rsainak \u00e9s a k\u00fcl\u00f6nb\u00f6z\u0151 v\u00e1llalatokt\u00f3l \u00e9rkez\u0151 r\u00e9sztvev\u0151knek lehet\u0151s\u00e9g\u00fck ny\u00edlt lean k\u00e9pess\u00e9geik gyakorlatias, k\u00eds\u00e9rleteken kereszt\u00fcl t\u00f6rt\u00e9n\u0151 fejleszt\u00e9s\u00e9re.<\/p>\n\n\n\n<p>A fejlesztend\u0151 ter\u00fcleteket \u00e9s a <strong>megoldand\u00f3 \u00fczleti probl\u00e9m\u00e1kat<\/strong> a workshop el\u0151tti napon, a <strong>h\u00e1zigazd\u00e1val \u00e9s Cevdettel k\u00f6z\u00f6sen<\/strong> hat\u00e1roztuk meg egy gemba s\u00e9ta sor\u00e1n.<\/p>\n\n\n\n<p><strong>N\u00e9gy<\/strong> ter\u00fcletre, azaz<\/p>\n\n\n\n<ul class=\"wp-block-list\">\n<li>a szed\u00e9si folyamatra (komissi\u00f3z\u00e1s),<\/li>\n\n\n\n<li><a href=\"https:\/\/lean.org.hu\/en\/logisztikai-kaizen%E2%80%93dobozok-elokeszitese-avagy-a-tapasztalati-uton-torteno-tanulas-ereje\/\">a dobozok el\u0151k\u00e9sz\u00edt\u00e9s\u00e9re<\/a>,<\/li>\n\n\n\n<li>a szed\u0151 kocsik el\u0151k\u00e9sz\u00edt\u00e9s\u00e9re, valamint<\/li>\n\n\n\n<li>az \u00e1ru\u00e1tv\u00e9teli folyamatra (inbound)<\/li>\n<\/ul>\n\n\n\n<p>f\u00f3kusz\u00e1ltunk, mindegyiken <strong>egy-egy munkacsoport<\/strong> dolgozott.<\/p>\n\n\n\n<p>Egy r\u00f6vid ismeret\u00e1tad\u00e1s ut\u00e1n a <strong>folyamatok megfigyel\u00e9se<\/strong>, majd a <strong>probl\u00e9ma lebont\u00e1sa<\/strong> volt mindegyik munkacsoport feladata. Az el\u00e9rend\u0151 <strong>c\u00e9l\u00e1llapot<\/strong> <strong>meghat\u00e1roz\u00e1sa<\/strong> \u00e9s az elt\u00e9r\u00e9s m\u00f6g\u00f6tt \u00e1ll\u00f3 <strong>okok meg\u00e9rt\u00e9se<\/strong> ut\u00e1n pedig meg kellett tervezni\u00fck a d\u00e9lut\u00e1n megval\u00f3s\u00edtand\u00f3 <strong>k\u00eds\u00e9rleteket<\/strong>. A fejleszt\u00e9sek <strong>tesztel\u00e9s\u00e9vel, visszam\u00e9r\u00e9s\u00e9vel<\/strong>, majd a tanuls\u00e1gok csoportszint\u0171 <strong>megoszt\u00e1s\u00e1val<\/strong> z\u00e1rtuk a napot.<\/p>\n\n\n\n<p><strong>N\u00e9gyr\u00e9szes cikksorozatunkb\u00f3l<\/strong> az egyes munkacsoportok megfigyel\u00e9seit, elemz\u00e9seit \u00e9s az elv\u00e9gzett k\u00eds\u00e9rletek sor\u00e1n tanultakat ismerheted meg.<\/p>\n\n\n\n<div style=\"height:15px\" aria-hidden=\"true\" class=\"wp-block-spacer\"><\/div>\n\n\n\n<h2 class=\"wp-block-heading\" id=\"hatter\"><strong><strong><strong>Mi a probl\u00e9ma?<\/strong><\/strong><\/strong><\/h2>\n\n\n\n<p>Kezdj\u00fck a <strong>szed\u00e9si folyamatot, azaz a komissi\u00f3z\u00e1st vizsg\u00e1l\u00f3 munkacsoport<\/strong> tapasztalataival. Ez a csoport ennek a folyamatnak a hat\u00e9konys\u00e1gn\u00f6vel\u00e9s\u00e9t, annak fejleszt\u00e9si potenci\u00e1ljainak felt\u00e9rk\u00e9pez\u00e9s\u00e9t kapta meg feladatk\u00e9nt.<\/p>\n\n\n\n<div style=\"height:15px\" aria-hidden=\"true\" class=\"wp-block-spacer\"><\/div>\n\n\n\n<h2 class=\"wp-block-heading\" id=\"hatter\"><strong><strong><strong>Megfigyel\u00e9sek<\/strong><\/strong><\/strong><\/h2>\n\n\n\n<p>A jelenlegi helyzet meg\u00e9rt\u00e9s\u00e9hez a munkacsoportot <strong>2-3 f\u0151s kisebb csoportokra<\/strong> bontottuk, amelyek <strong>k\u00fcl\u00f6nb\u00f6z\u0151 m\u00f3dszereket<\/strong> alkalmaztak:<\/p>\n\n\n\n<ul class=\"wp-block-list\">\n<li><strong>spagetti diagramot<\/strong> rajzoltak a teljes picking \u00fatvonalr\u00f3l,<\/li>\n\n\n\n<li>t\u00f6bb kisebb spagettivel felrajzolt\u00e1k a<strong> gy\u0171jt\u00e9st v\u00e9gz\u0151 dolgoz\u00f3 mozg\u00e1s\u00e1t<\/strong> komissi\u00f3z\u00e1s k\u00f6zben a picking kocsi \u00e9s az egyes \u00e1ruk k\u00f6z\u00f6tt,<\/li>\n\n\n\n<li>k\u00fcl\u00f6nb\u00f6z\u0151 <strong>vesztes\u00e9gt\u00edpusokat<\/strong> azonos\u00edtottak, tov\u00e1bb\u00e1<\/li>\n\n\n\n<li><strong>ciklusid\u0151 m\u00e9r\u00e9seket<\/strong> v\u00e9geztek a r\u00e9szfolyamatokr\u00f3l.<\/li>\n<\/ul>\n\n\n\n<p>Ezek eredm\u00e9nyek\u00e9nt a k\u00f6vetkez\u0151 <strong>vesztes\u00e9gekre<\/strong> der\u00fclt f\u00e9ny:<\/p>\n\n\n\n<ul class=\"wp-block-list\">\n<li>A<strong> komissi\u00f3z\u00e1si \u00fatvonal <\/strong>sor\u00e1n egy hurok keletkezik, azaz az oper\u00e1tor k\u00e9tszer megy vissza ugyanabba a sorba. \u2013<em> FELESLEGES MOZG\u00c1S<\/em><\/li>\n<\/ul>\n\n\n\n<ul class=\"wp-block-list\">\n<li>A <strong>15 kg-n\u00e1l nehezebb anyagok<\/strong> az elv\u00e1r\u00e1st\u00f3l elt\u00e9r\u0151en az esetek 25%-\u00e1ban nem csup\u00e1n a jobb, hanem a bal oldalon is megtal\u00e1lhat\u00f3ak. Ez az\u00e9rt okoz gondot, mert a bels\u0151 k\u00f6zleked\u00e9si szab\u00e1lyok miatt a gy\u0171jt\u0151 a kocsij\u00e1val mindig a jobb oldalon halad, \u00edgy a bal oldalon l\u00e9v\u0151, nehezebb anyagokat messzebb kell cipelnie. Ez egyr\u00e9szt lass\u00edtja a folyamatot, m\u00e1sr\u00e9szt ergon\u00f3miai probl\u00e9m\u00e1kat vet fel. \u2013 <em>T\u00daLTERHEL\u00c9S<\/em><\/li>\n<\/ul>\n\n\n\n<ul class=\"wp-block-list\">\n<li>A komissi\u00f3z\u00e1si folyamatban <strong>3 k\u00fcl\u00f6nb\u00f6z\u0151<\/strong> <strong>szkennel\u00e9sre <\/strong>+ a mennyis\u00e9g igazol\u00e1s\u00e1hoz <strong>1 gombnyom\u00e1sra<\/strong> van sz\u00fcks\u00e9g. Ezekb\u0151l 1, de ak\u00e1r 2 l\u00e9p\u00e9s is ugyanazt az ellen\u0151rz\u00e9st szolg\u00e1lja, csak t\u00f6bbf\u00e9lek\u00e9ppen. \u2013 <em>T\u00daLMIN\u0150S\u00c9G<\/em><\/li>\n<\/ul>\n\n\n\n<ul class=\"wp-block-list\">\n<li>A <strong>hullad\u00e9kkezel\u00e9s <\/strong>a komissi\u00f3z\u00e1si folyamat sor\u00e1n nem egys\u00e9ges. Van, aki \u00f6sszeszedi maga ut\u00e1n a szemetet, \u00fcres dobozokat, van, aki otthagyja ezeket, ez\u00e1ltal t\u00f6bbletmunk\u00e1t okozva az ut\u00e1na k\u00f6vetkez\u0151 oper\u00e1tornak. Az elt\u00e9r\u0151 munkav\u00e9gz\u00e9si m\u00f3dszerek <em>INGADOZ\u00c1ST <\/em>okoznak a folyamatban \u00e9s az oper\u00e1tori teljes\u00edtm\u00e9nyben.<\/li>\n<\/ul>\n\n\n\n<ul class=\"wp-block-list\">\n<li>A <strong>g\u00f6rg\u0151s polcrendszern\u00e9l <\/strong>t\u00f6bb vesztes\u00e9g is felmer\u00fclt \u2013 <em>V\u00c1RAKOZ\u00c1S, FELESLEGES MOZG\u00c1S<\/em><ul><li>a komissi\u00f3z\u00e1s neh\u00e9zkes, mert a dobozok nincsenek nyitva, gy\u0171jt\u00e9sre el\u0151k\u00e9sz\u00edtve,<\/li><\/ul><ul><li>a nem megfelel\u0151 d\u0151l\u00e9ssz\u00f6g miatt az \u00e1ruk beragadnak a polc k\u00f6zep\u00e9n,<\/li><\/ul><ul><li>itt csak lassan forg\u00f3 term\u00e9keket t\u00e1rolnak,<\/li><\/ul>\n<ul class=\"wp-block-list\">\n<li>a polcok kapacit\u00e1sa kihaszn\u00e1latlan, \u00e1tlagosan kb. 25%-ig vannak t\u00f6ltve.<\/li>\n<\/ul>\n<\/li>\n<\/ul>\n\n\n\n<ul class=\"wp-block-list\">\n<li>Komissi\u00f3z\u00e1s k\u00f6zben az oper\u00e1tor t\u00f6bbsz\u00f6r megker\u00fcli, \u201e<strong>k\u00f6rbet\u00e1ncolja<\/strong>\u201d a kocsit, mivel a c\u00edmke, amit szkennelni kell, mindig a bal oldalon van \u2013<em>FELESLEGES MOZG\u00c1S<\/em><\/li>\n<\/ul>\n\n\n\n<ul class=\"wp-block-list\">\n<li>A dobozban \u00fajra kell <strong>pakolni <\/strong>az \u00e1rut, hogy a szed\u00e9si list\u00e1ban k\u00e9s\u0151bb megjelen\u0151 neh\u00e9z \u00e1ru ne nyomja \u00f6ssze a kor\u00e1bban komissi\u00f3zott s\u00e9r\u00fcl\u00e9keny, k\u00f6nnyebb term\u00e9keket \u2013<em> FELESLEGES MOZG\u00c1S<\/em><\/li>\n<\/ul>\n\n\n\n<p>Mivel a workshop csup\u00e1n egynapos volt, ez\u00e9rt azokra az elt\u00e9r\u00e9sekre koncentr\u00e1ltunk, ahol megvolt a lehet\u0151s\u00e9ge annak, hogy <strong>gyors k\u00eds\u00e9rleteken kereszt\u00fcl,<\/strong> <strong>azonnal<\/strong> <strong>kipr\u00f3b\u00e1ljunk<\/strong> v\u00e1ltoztat\u00e1sokat.<\/p>\n\n\n\n<div style=\"height:15px\" aria-hidden=\"true\" class=\"wp-block-spacer\"><\/div>\n\n\n\n<p style=\"font-size:25px\"><strong>K\u00eds\u00e9rletek \u00e9s azok eredm\u00e9nyei<\/strong><\/p>\n\n\n\n<p>A megfigyel\u00e9sek \u00e9s a benn\u00fck rejl\u0151 potenci\u00e1lok alapj\u00e1n az <strong>al\u00e1bbi k\u00eds\u00e9rleteket<\/strong> v\u00e9gezt\u00fck el. Ahol lehet\u0151s\u00e9g volt r\u00e1, ott <strong>\u00e9lesben<\/strong> <strong>tesztelt\u00fcnk<\/strong>, ahol nem, ott pedig <strong>szimul\u00e1ltuk<\/strong> a fejlesztett folyamatot.<\/p>\n\n\n\n<ul class=\"wp-block-list\">\n<li><strong><u>Neh\u00e9z anyagok komissi\u00f3z\u00e1sa<\/u>: <\/strong>a m\u00e9r\u00e9sek azt mutatt\u00e1k, hogy a k\u00f6nny\u0171 anyagokhoz k\u00e9pest a nehezek komissi\u00f3z\u00e1sa t\u00f6bb id\u0151t vesz ig\u00e9nybe, ez\u00e9rt a term\u00e9kek jobb oldalon, azaz a kocsihoz k\u00f6zel t\u00f6rt\u00e9n\u0151 elhelyez\u00e9se a dolgoz\u00f3k terhel\u00e9s\u00e9nek cs\u00f6kkent\u00e9se mellett <strong>-3,2%\/rendel\u00e9si sor<\/strong> id\u0151megtakar\u00edt\u00e1ssal is j\u00e1r.<\/li>\n<\/ul>\n\n\n\n<ul class=\"wp-block-list\">\n<li><strong><u>C\u00edmke helye<\/u><\/strong>: amennyiben a dobozok mindk\u00e9t oldal\u00e1n lenne c\u00edmke, akkor az tov\u00e1bbi<strong> -4,3%\/sor <\/strong>id\u0151megtakar\u00edt\u00e1st jelentene. Ezt azonban mindenk\u00e9pp \u00e9rdemes egy\u00fctt vizsg\u00e1lni a dobozfelk\u00e9sz\u00edt\u00e9si folyamatn\u00e1l keletkez\u0151 t\u00f6bblet id\u0151vel \u00e9s a plusz c\u00edmkek\u00f6lts\u00e9ggel, amire nem volt lehet\u0151s\u00e9g\u00fcnk. Szint\u00e9n nem tudtunk pontos m\u00e9r\u00e9seket v\u00e9gezni, de az el\u0151tte \u00e9s az ut\u00e1na \u00e1llapotot mutat\u00f3 spagetti diagramok alapj\u00e1n egy\u00e9rtelm\u0171en l\u00e1tszott, hogy ez sz\u00e1mos <strong>megtakar\u00edtott<\/strong> <strong>m\u00e9tert <\/strong>is jelentene a dolgoz\u00f3knak.<\/li>\n<\/ul>\n\n\n\n<ul class=\"wp-block-list\">\n<li><strong><u>Kiiktatott szkennel\u00e9sek<\/u><\/strong>: 1 szkennel\u00e9s elhagy\u00e1sa 1,6 mp, ami els\u0151 pillant\u00e1sra nem t\u0171nik soknak, de tekintve az \u00f6sszes dolgoz\u00f3 \u00e1ltal naponta feldolgozott kb. 32.000 sort, ez \u00f6sszesen <strong>14,2 munka\u00f3r\u00e1t jelent naponta! <\/strong>Ez m\u00e1r jelent\u0151s vesztes\u00e9g.<\/li>\n<\/ul>\n\n\n\n<ul class=\"wp-block-list\">\n<li><strong><u>Hullad\u00e9kkezel\u00e9s<\/u><\/strong>: a k\u00eds\u00e9rletek sor\u00e1n azt vizsg\u00e1lta a csoport, hogy a lok\u00e1ci\u00f3ban hagyott \u00fcres dobozok hogyan terhelik a k\u00f6vetkez\u0151 gy\u0171jt\u0151t. Ha gy\u0171jt\u00e9s sor\u00e1n a dolgoz\u00f3 mag\u00e1val viszi a keletkez\u0151 g\u00f6ngy\u00f6leget, akkor az 2-3 m\u00e1sodpercet jelent, azonban, ha m\u00e1s ut\u00e1n is \u00f6ssze kell szednie azt, akkor az m\u00e1r 8 mp volt. Teh\u00e1t legal\u00e1bb <strong>5 m\u00e1sodperc k\u00e9sleked\u00e9st <\/strong>okoz a k\u00f6vetkez\u0151 munkat\u00e1rsnak a h\u00e1trahagyott szem\u00e9t. Mivel enn\u00e9l a v\u00e1llalatn\u00e1l a fizet\u00e9s alapja az \u00f6sszegy\u0171jt\u00f6tt sorok sz\u00e1ma, ez\u00e9rt ennek a t\u00f6bbletid\u0151nek anyagi k\u00f6vetkezm\u00e9nye is van.<\/li>\n<\/ul>\n\n\n\n<p><strong><u>G\u00f6rg\u0151s polcrendszer<\/u><\/strong>: a k\u00eds\u00e9rletek azt bizony\u00edtott\u00e1k, hogy a megfelel\u0151en kinyitott \u00e9s elhelyezett kartonok naponta kb. <strong>3 \u00f3ra megtakar\u00edt\u00e1st<\/strong> jelenten\u00e9nek a v\u00e1llalatnak. Ezen t\u00falmutatott az a meg\u00e1llap\u00edt\u00e1s, hogy sokkal el\u0151ny\u00f6sebb lenne a v\u00e1llalatnak, ha itt nem a lassan forg\u00f3, hanem a <strong>kism\u00e9ret\u0171<\/strong><strong>, gyorsan forg\u00f3 anyagokat t\u00e1roln\u00e1k. <\/strong>Ennek bizony\u00edt\u00e1s\u00e1ra sajnos nem volt id\u0151nk megfigyel\u00e9seket, k\u00eds\u00e9rleteket v\u00e9gezni, azonban ez egy hossz\u00fat\u00e1v\u00fa terv r\u00e9sze lehet.<\/p>\n\n\n\n<div style=\"height:15px\" aria-hidden=\"true\" class=\"wp-block-spacer\"><\/div>\n\n\n\n<h2 class=\"wp-block-heading\" id=\"hatter\"><strong><strong><strong>Konkl\u00fazi\u00f3<\/strong><\/strong><\/strong><\/h2>\n\n\n\n<p>A nagyon intenz\u00edv \u00e9s elk\u00e9peszt\u0151en sok tanul\u00e1st mag\u00e1ban foglal\u00f3 napot a konkr\u00e9t m\u00e9r\u0151sz\u00e1mokon t\u00fal k\u00e9t klasszikus mond\u00e1s jellemezte: egyr\u00e9szt <strong>\u201eaz<\/strong> <strong>\u00f6rd\u00f6g a r\u00e9szletekben<\/strong> <strong>rejlik\u201d<\/strong>, m\u00e1sr\u00e9szt \u201e<strong>s<\/strong><strong>ok kicsi sokra megy\u201d.<\/strong><\/p>\n\n\n\n<p>Gyakran legyint\u00fcnk egy-egy, a megfigyel\u00e9seink sor\u00e1n felbukkan\u00f3 vesztes\u00e9gre, hogy <em>\u201eAh, ez csak p\u00e1r m\u00e1sodperc, nem \u00e9rdemes vele foglalkozni!\u201d<\/em>. De, ahogy a fenti p\u00e9lda is mutatja, <strong>p\u00e1r m\u00e1sodperc is s\u00falyos \u00f3r\u00e1kk\u00e1 \u00e1llhat \u00f6ssze!<\/strong><\/p>\n\n\n\n<p>Rendk\u00edv\u00fcl izgalmas volt emellett l\u00e1tni, hogy egy nap alatt, a megfelel\u0151 eszk\u00f6z\u00f6k alkalmaz\u00e1s\u00e1val, mire k\u00e9pes egy maroknyi lelkes r\u00e9sztvev\u0151. \u00c1ltaluk addig ismeretlen folyamatokr\u00f3l tudtak \u00e9rt\u00e9kes meg\u00e1llap\u00edt\u00e1sokat, javaslatokat tenni, mik\u00f6zben <strong>tapasztalati \u00faton<\/strong> \u0151k maguk is rengeteget tanultak. Hiszen a r\u00e9szletesen kidolgozott, elm\u00e9leti koncepci\u00f3k l\u00e9trehoz\u00e1sa helyett a jelenlegi helyzet <strong>k\u00eds\u00e9rleteken kereszt\u00fcl t\u00f6rt\u00e9n\u0151, gyakorlatba \u00fcltetett<\/strong> megv\u00e1ltoztat\u00e1s\u00e1ra t\u00f6rekedt\u00fcnk.<\/p>\n\n\n\n<div style=\"height:10px\" aria-hidden=\"true\" class=\"wp-block-spacer\"><\/div>\n\n\n\n<div style=\"height:20px\" aria-hidden=\"true\" class=\"wp-block-spacer\"><\/div>\n\n\n\n<div style=\"height:20px\" aria-hidden=\"true\" class=\"wp-block-spacer\"><\/div>\n\n\n\n<div class=\"wp-block-group\"><div class=\"wp-block-group__inner-container is-layout-flow wp-block-group-is-layout-flow\">\n<h2 class=\"wp-block-heading\" id=\"konyvajanlo\"><strong>K\u00f6nyvaj\u00e1nl\u00f3<\/strong><\/h2>\n\n\n\n<div class=\"wp-block-columns is-layout-flex wp-container-core-columns-is-layout-9d6595d7 wp-block-columns-is-layout-flex\">\n<div class=\"wp-block-column is-layout-flow wp-block-column-is-layout-flow\" style=\"flex-basis:66.66%\">\n<ul class=\"wp-block-list\" id=\"block-12e1b789-3ce9-4e80-85a8-95f7e0f92923\"><li>Hogyan fogjunk hozz\u00e1 a lean gy\u00e1rt\u00e1s megval\u00f3s\u00edt\u00e1s\u00e1hoz?<br><\/li><li>Mi legyen a k\u00f6vetkez\u0151, majd az azt k\u00f6vet\u0151 l\u00e9p\u00e9s?<\/li><\/ul>\n\n\n\n<p>Manaps\u00e1g m\u00e1r nem k\u00f6nny\u0171 eligazodni a lean elvekkel kapcsolatos inform\u00e1ci\u00f3k tenger\u00e9ben.<\/p>\n<\/div>\n\n\n\n<div class=\"wp-block-column is-layout-flow wp-block-column-is-layout-flow\" style=\"flex-basis:33.33%\">\n<div class=\"wp-block-image is-style-rounded\"><figure class=\"aligncenter size-large is-resized\"><a href=\"https:\/\/lean.org.hu\/en\/lean-konyvesbolt\/kaizen-expressz-kaizen-express\/\" target=\"_blank\" rel=\"noopener\"><img decoding=\"async\" src=\"https:\/\/lean.org.hu\/wp-content\/uploads\/2020\/11\/Kaizen-expressz.jpg\" alt=\"Kaizen Expressz\" class=\"wp-image-3695\" width=\"167\" height=\"167\" srcset=\"https:\/\/lean.org.hu\/wp-content\/uploads\/2020\/11\/Kaizen-expressz.jpg 300w, https:\/\/lean.org.hu\/wp-content\/uploads\/2020\/11\/Kaizen-expressz-200x200.jpg 200w, https:\/\/lean.org.hu\/wp-content\/uploads\/2020\/11\/Kaizen-expressz-100x100.jpg 100w, https:\/\/lean.org.hu\/wp-content\/uploads\/2020\/11\/Kaizen-expressz-150x150.jpg 150w\" sizes=\"(max-width: 167px) 100vw, 167px\" \/><\/a><\/figure><\/div>\n<\/div>\n<\/div>\n\n\n\n<p>A&nbsp;<strong><em>Kaizen Expressz<\/em><\/strong>&nbsp;c\u00edm\u0171 k\u00f6nyv p\u00f6rg\u0151s, g\u00f6rd\u00fcl\u00e9keny st\u00edlusban, t\u00f6m\u00f6ren, az alapokhoz visszany\u00falva ismerteti a&nbsp;Toyota termel\u00e9si rendszer (TPS), \u00e9s a lean alapvet\u0151 elveit, m\u00e9gpedig a megval\u00f3s\u00edt\u00e1s logikus sorrendj\u00e9ben.<\/p>\n\n\n\n<div class=\"wp-block-buttons is-horizontal is-content-justification-center is-layout-flex wp-container-core-buttons-is-layout-499968f5 wp-block-buttons-is-layout-flex\">\n<div class=\"wp-block-button\"><a class=\"wp-block-button__link\" href=\"https:\/\/lean.org.hu\/en\/lean-konyvesbolt\/kaizen-expressz-kaizen-express\/\" style=\"border-radius:5px\" target=\"_blank\" rel=\"noreferrer noopener\">Rendeld meg most!<\/a><\/div>\n<\/div>\n<\/div><\/div>","protected":false},"excerpt":{"rendered":"","protected":false},"author":9,"featured_media":146334,"comment_status":"closed","ping_status":"closed","sticky":false,"template":"","format":"standard","meta":{"_eb_attr":"","footnotes":""},"categories":[17],"tags":[39,29,95],"class_list":["post-146333","post","type-post","status-publish","format-standard","has-post-thumbnail","hentry","category-lean-cikkek","tag-kaizen","tag-problemamegoldas","tag-tortenetek-a-gembarol","infinite-scroll-item","masonry-post","generate-columns","tablet-grid-50","mobile-grid-100","grid-parent","grid-33","no-featured-image-padding"],"featured_image_src":"https:\/\/lean.org.hu\/wp-content\/uploads\/2024\/11\/Logisztikai-kaizen-\u2013-szedesi-folyamat-avagy-az-ordog-a-reszletekben-rejlik_SEO.png","author_info":{"display_name":"nesicz.regina","author_link":"https:\/\/lean.org.hu\/en\/author\/nesicz-regina\/"},"yoast_head":"<!-- This site is optimized with the Yoast SEO plugin v27.4 - https:\/\/yoast.com\/product\/yoast-seo-wordpress\/ -->\n<title>Logisztikai kaizen \u2013 szed\u00e9si folyamat, avagy az \u00f6rd\u00f6g a r\u00e9szletekben rejlik! - LEI<\/title>\n<meta name=\"description\" content=\"\u00cdme T\u00f6rt\u00e9netek a gemb\u00e1r\u00f3l sorozatunk k\u00f6vetkez\u0151 r\u00e9sze: Logisztikai kaizen \u2013 szed\u00e9si folyamat, avagy az \u00f6rd\u00f6g a r\u00e9szletekben rejlik!\" \/>\n<meta name=\"robots\" content=\"index, follow, max-snippet:-1, max-image-preview:large, max-video-preview:-1\" \/>\n<link rel=\"canonical\" href=\"https:\/\/lean.org.hu\/en\/logisztikai-kaizen-szedesi-folyamat-avagy-az-ordog-a-reszletekben-rejlik\/\" \/>\n<meta property=\"og:locale\" content=\"en_GB\" \/>\n<meta property=\"og:type\" content=\"article\" \/>\n<meta property=\"og:title\" content=\"Logisztikai kaizen \u2013 szed\u00e9si folyamat, avagy az \u00f6rd\u00f6g a r\u00e9szletekben rejlik! - LEI\" \/>\n<meta property=\"og:description\" content=\"\u00cdme T\u00f6rt\u00e9netek a gemb\u00e1r\u00f3l sorozatunk k\u00f6vetkez\u0151 r\u00e9sze: Logisztikai kaizen \u2013 szed\u00e9si folyamat, avagy az \u00f6rd\u00f6g a r\u00e9szletekben rejlik!\" \/>\n<meta property=\"og:url\" content=\"https:\/\/lean.org.hu\/en\/logisztikai-kaizen-szedesi-folyamat-avagy-az-ordog-a-reszletekben-rejlik\/\" \/>\n<meta property=\"og:site_name\" content=\"LEI\" \/>\n<meta property=\"article:publisher\" content=\"https:\/\/www.facebook.com\/LEI.Hungary\" \/>\n<meta property=\"article:published_time\" content=\"2024-11-29T09:35:22+00:00\" \/>\n<meta property=\"article:modified_time\" content=\"2025-02-07T12:15:01+00:00\" \/>\n<meta property=\"og:image\" content=\"https:\/\/lean.org.hu\/wp-content\/uploads\/2024\/11\/Logisztikai-kaizen-\u2013-szedesi-folyamat-avagy-az-ordog-a-reszletekben-rejlik_SEO.png\" \/>\n\t<meta property=\"og:image:width\" content=\"1200\" \/>\n\t<meta property=\"og:image:height\" content=\"628\" \/>\n\t<meta property=\"og:image:type\" content=\"image\/png\" \/>\n<meta name=\"author\" content=\"nesicz.regina\" \/>\n<meta name=\"twitter:card\" content=\"summary_large_image\" \/>\n<meta name=\"twitter:label1\" content=\"Written by\" \/>\n\t<meta name=\"twitter:data1\" content=\"nesicz.regina\" \/>\n\t<meta name=\"twitter:label2\" content=\"Estimated reading time\" \/>\n\t<meta name=\"twitter:data2\" content=\"7 minutes\" \/>\n<script type=\"application\/ld+json\" class=\"yoast-schema-graph\">{\"@context\":\"https:\\\/\\\/schema.org\",\"@graph\":[{\"@type\":\"Article\",\"@id\":\"https:\\\/\\\/lean.org.hu\\\/logisztikai-kaizen-szedesi-folyamat-avagy-az-ordog-a-reszletekben-rejlik#article\",\"isPartOf\":{\"@id\":\"https:\\\/\\\/lean.org.hu\\\/logisztikai-kaizen-szedesi-folyamat-avagy-az-ordog-a-reszletekben-rejlik\\\/\"},\"author\":{\"name\":\"nesicz.regina\",\"@id\":\"https:\\\/\\\/lean.org.hu\\\/#\\\/schema\\\/person\\\/b3a35e1e0731cc7e3492f4d57685366d\"},\"headline\":\"Logisztikai kaizen \u2013 szed\u00e9si folyamat, avagy az \u00f6rd\u00f6g a r\u00e9szletekben rejlik!\",\"datePublished\":\"2024-11-29T09:35:22+00:00\",\"dateModified\":\"2025-02-07T12:15:01+00:00\",\"mainEntityOfPage\":{\"@id\":\"https:\\\/\\\/lean.org.hu\\\/logisztikai-kaizen-szedesi-folyamat-avagy-az-ordog-a-reszletekben-rejlik\\\/\"},\"wordCount\":1503,\"publisher\":{\"@id\":\"https:\\\/\\\/lean.org.hu\\\/#organization\"},\"image\":{\"@id\":\"https:\\\/\\\/lean.org.hu\\\/logisztikai-kaizen-szedesi-folyamat-avagy-az-ordog-a-reszletekben-rejlik#primaryimage\"},\"thumbnailUrl\":\"https:\\\/\\\/lean.org.hu\\\/wp-content\\\/uploads\\\/2024\\\/11\\\/Logisztikai-kaizen-\u2013-szedesi-folyamat-avagy-az-ordog-a-reszletekben-rejlik_SEO.png\",\"keywords\":[\"kaizen\",\"probl\u00e9mamegold\u00e1s\",\"T\u00f6rt\u00e9netek a gemb\u00e1r\u00f3l\"],\"articleSection\":[\"Tud\u00e1sb\u00e1zis\"],\"inLanguage\":\"en-GB\"},{\"@type\":\"WebPage\",\"@id\":\"https:\\\/\\\/lean.org.hu\\\/logisztikai-kaizen-szedesi-folyamat-avagy-az-ordog-a-reszletekben-rejlik\\\/\",\"url\":\"https:\\\/\\\/lean.org.hu\\\/logisztikai-kaizen-szedesi-folyamat-avagy-az-ordog-a-reszletekben-rejlik\",\"name\":\"Logisztikai kaizen \u2013 szed\u00e9si folyamat, avagy az \u00f6rd\u00f6g a r\u00e9szletekben rejlik! - LEI\",\"isPartOf\":{\"@id\":\"https:\\\/\\\/lean.org.hu\\\/#website\"},\"primaryImageOfPage\":{\"@id\":\"https:\\\/\\\/lean.org.hu\\\/logisztikai-kaizen-szedesi-folyamat-avagy-az-ordog-a-reszletekben-rejlik#primaryimage\"},\"image\":{\"@id\":\"https:\\\/\\\/lean.org.hu\\\/logisztikai-kaizen-szedesi-folyamat-avagy-az-ordog-a-reszletekben-rejlik#primaryimage\"},\"thumbnailUrl\":\"https:\\\/\\\/lean.org.hu\\\/wp-content\\\/uploads\\\/2024\\\/11\\\/Logisztikai-kaizen-\u2013-szedesi-folyamat-avagy-az-ordog-a-reszletekben-rejlik_SEO.png\",\"datePublished\":\"2024-11-29T09:35:22+00:00\",\"dateModified\":\"2025-02-07T12:15:01+00:00\",\"description\":\"\u00cdme T\u00f6rt\u00e9netek a gemb\u00e1r\u00f3l sorozatunk k\u00f6vetkez\u0151 r\u00e9sze: Logisztikai kaizen \u2013 szed\u00e9si folyamat, avagy az \u00f6rd\u00f6g a r\u00e9szletekben rejlik!\",\"breadcrumb\":{\"@id\":\"https:\\\/\\\/lean.org.hu\\\/logisztikai-kaizen-szedesi-folyamat-avagy-az-ordog-a-reszletekben-rejlik#breadcrumb\"},\"inLanguage\":\"en-GB\",\"potentialAction\":[{\"@type\":\"ReadAction\",\"target\":[\"https:\\\/\\\/lean.org.hu\\\/logisztikai-kaizen-szedesi-folyamat-avagy-az-ordog-a-reszletekben-rejlik\"]}]},{\"@type\":\"ImageObject\",\"inLanguage\":\"en-GB\",\"@id\":\"https:\\\/\\\/lean.org.hu\\\/logisztikai-kaizen-szedesi-folyamat-avagy-az-ordog-a-reszletekben-rejlik#primaryimage\",\"url\":\"https:\\\/\\\/lean.org.hu\\\/wp-content\\\/uploads\\\/2024\\\/11\\\/Logisztikai-kaizen-\u2013-szedesi-folyamat-avagy-az-ordog-a-reszletekben-rejlik_SEO.png\",\"contentUrl\":\"https:\\\/\\\/lean.org.hu\\\/wp-content\\\/uploads\\\/2024\\\/11\\\/Logisztikai-kaizen-\u2013-szedesi-folyamat-avagy-az-ordog-a-reszletekben-rejlik_SEO.png\",\"width\":1200,\"height\":628},{\"@type\":\"BreadcrumbList\",\"@id\":\"https:\\\/\\\/lean.org.hu\\\/logisztikai-kaizen-szedesi-folyamat-avagy-az-ordog-a-reszletekben-rejlik#breadcrumb\",\"itemListElement\":[{\"@type\":\"ListItem\",\"position\":1,\"name\":\"Kezd\u0151lap\",\"item\":\"https:\\\/\\\/lean.org.hu\\\/\"},{\"@type\":\"ListItem\",\"position\":2,\"name\":\"Logisztikai kaizen \u2013 szed\u00e9si folyamat, avagy az \u00f6rd\u00f6g a r\u00e9szletekben rejlik!\"}]},{\"@type\":\"WebSite\",\"@id\":\"https:\\\/\\\/lean.org.hu\\\/#website\",\"url\":\"https:\\\/\\\/lean.org.hu\\\/\",\"name\":\"LEI\",\"description\":\"\",\"publisher\":{\"@id\":\"https:\\\/\\\/lean.org.hu\\\/#organization\"},\"potentialAction\":[{\"@type\":\"SearchAction\",\"target\":{\"@type\":\"EntryPoint\",\"urlTemplate\":\"https:\\\/\\\/lean.org.hu\\\/?s={search_term_string}\"},\"query-input\":{\"@type\":\"PropertyValueSpecification\",\"valueRequired\":true,\"valueName\":\"search_term_string\"}}],\"inLanguage\":\"en-GB\"},{\"@type\":\"Organization\",\"@id\":\"https:\\\/\\\/lean.org.hu\\\/#organization\",\"name\":\"LEI\",\"url\":\"https:\\\/\\\/lean.org.hu\\\/\",\"logo\":{\"@type\":\"ImageObject\",\"inLanguage\":\"en-GB\",\"@id\":\"https:\\\/\\\/lean.org.hu\\\/#\\\/schema\\\/logo\\\/image\\\/\",\"url\":\"https:\\\/\\\/lean.org.hu\\\/wp-content\\\/uploads\\\/2020\\\/07\\\/cropped-lean_logo_final_color_horizontal.png\",\"contentUrl\":\"https:\\\/\\\/lean.org.hu\\\/wp-content\\\/uploads\\\/2020\\\/07\\\/cropped-lean_logo_final_color_horizontal.png\",\"width\":779,\"height\":288,\"caption\":\"LEI\"},\"image\":{\"@id\":\"https:\\\/\\\/lean.org.hu\\\/#\\\/schema\\\/logo\\\/image\\\/\"},\"sameAs\":[\"https:\\\/\\\/www.facebook.com\\\/LEI.Hungary\",\"https:\\\/\\\/www.linkedin.com\\\/company\\\/lean-enterprise-institute-hungary\"]},{\"@type\":\"Person\",\"@id\":\"https:\\\/\\\/lean.org.hu\\\/#\\\/schema\\\/person\\\/b3a35e1e0731cc7e3492f4d57685366d\",\"name\":\"nesicz.regina\",\"image\":{\"@type\":\"ImageObject\",\"inLanguage\":\"en-GB\",\"@id\":\"https:\\\/\\\/secure.gravatar.com\\\/avatar\\\/82e6ace1f37342762993b93a43500b1882b5b6454e475141eab9afdd14434f8f?s=96&d=mm&r=g\",\"url\":\"https:\\\/\\\/secure.gravatar.com\\\/avatar\\\/82e6ace1f37342762993b93a43500b1882b5b6454e475141eab9afdd14434f8f?s=96&d=mm&r=g\",\"contentUrl\":\"https:\\\/\\\/secure.gravatar.com\\\/avatar\\\/82e6ace1f37342762993b93a43500b1882b5b6454e475141eab9afdd14434f8f?s=96&d=mm&r=g\",\"caption\":\"nesicz.regina\"}}]}<\/script>\n<!-- \/ Yoast SEO plugin. -->","yoast_head_json":{"title":"Logisztikai kaizen \u2013 szed\u00e9si folyamat, avagy az \u00f6rd\u00f6g a r\u00e9szletekben rejlik! - LEI","description":"\u00cdme T\u00f6rt\u00e9netek a gemb\u00e1r\u00f3l sorozatunk k\u00f6vetkez\u0151 r\u00e9sze: Logisztikai kaizen \u2013 szed\u00e9si folyamat, avagy az \u00f6rd\u00f6g a r\u00e9szletekben rejlik!","robots":{"index":"index","follow":"follow","max-snippet":"max-snippet:-1","max-image-preview":"max-image-preview:large","max-video-preview":"max-video-preview:-1"},"canonical":"https:\/\/lean.org.hu\/en\/logisztikai-kaizen-szedesi-folyamat-avagy-az-ordog-a-reszletekben-rejlik\/","og_locale":"en_GB","og_type":"article","og_title":"Logisztikai kaizen \u2013 szed\u00e9si folyamat, avagy az \u00f6rd\u00f6g a r\u00e9szletekben rejlik! - LEI","og_description":"\u00cdme T\u00f6rt\u00e9netek a gemb\u00e1r\u00f3l sorozatunk k\u00f6vetkez\u0151 r\u00e9sze: Logisztikai kaizen \u2013 szed\u00e9si folyamat, avagy az \u00f6rd\u00f6g a r\u00e9szletekben rejlik!","og_url":"https:\/\/lean.org.hu\/en\/logisztikai-kaizen-szedesi-folyamat-avagy-az-ordog-a-reszletekben-rejlik\/","og_site_name":"LEI","article_publisher":"https:\/\/www.facebook.com\/LEI.Hungary","article_published_time":"2024-11-29T09:35:22+00:00","article_modified_time":"2025-02-07T12:15:01+00:00","og_image":[{"width":1200,"height":628,"url":"https:\/\/lean.org.hu\/wp-content\/uploads\/2024\/11\/Logisztikai-kaizen-\u2013-szedesi-folyamat-avagy-az-ordog-a-reszletekben-rejlik_SEO.png","type":"image\/png"}],"author":"nesicz.regina","twitter_card":"summary_large_image","twitter_misc":{"Written by":"nesicz.regina","Estimated reading time":"7 minutes"},"schema":{"@context":"https:\/\/schema.org","@graph":[{"@type":"Article","@id":"https:\/\/lean.org.hu\/logisztikai-kaizen-szedesi-folyamat-avagy-az-ordog-a-reszletekben-rejlik#article","isPartOf":{"@id":"https:\/\/lean.org.hu\/logisztikai-kaizen-szedesi-folyamat-avagy-az-ordog-a-reszletekben-rejlik\/"},"author":{"name":"nesicz.regina","@id":"https:\/\/lean.org.hu\/#\/schema\/person\/b3a35e1e0731cc7e3492f4d57685366d"},"headline":"Logisztikai kaizen \u2013 szed\u00e9si folyamat, avagy az \u00f6rd\u00f6g a r\u00e9szletekben rejlik!","datePublished":"2024-11-29T09:35:22+00:00","dateModified":"2025-02-07T12:15:01+00:00","mainEntityOfPage":{"@id":"https:\/\/lean.org.hu\/logisztikai-kaizen-szedesi-folyamat-avagy-az-ordog-a-reszletekben-rejlik\/"},"wordCount":1503,"publisher":{"@id":"https:\/\/lean.org.hu\/#organization"},"image":{"@id":"https:\/\/lean.org.hu\/logisztikai-kaizen-szedesi-folyamat-avagy-az-ordog-a-reszletekben-rejlik#primaryimage"},"thumbnailUrl":"https:\/\/lean.org.hu\/wp-content\/uploads\/2024\/11\/Logisztikai-kaizen-\u2013-szedesi-folyamat-avagy-az-ordog-a-reszletekben-rejlik_SEO.png","keywords":["kaizen","probl\u00e9mamegold\u00e1s","T\u00f6rt\u00e9netek a gemb\u00e1r\u00f3l"],"articleSection":["Tud\u00e1sb\u00e1zis"],"inLanguage":"en-GB"},{"@type":"WebPage","@id":"https:\/\/lean.org.hu\/logisztikai-kaizen-szedesi-folyamat-avagy-az-ordog-a-reszletekben-rejlik\/","url":"https:\/\/lean.org.hu\/logisztikai-kaizen-szedesi-folyamat-avagy-az-ordog-a-reszletekben-rejlik","name":"Logisztikai kaizen \u2013 szed\u00e9si folyamat, avagy az \u00f6rd\u00f6g a r\u00e9szletekben rejlik! - LEI","isPartOf":{"@id":"https:\/\/lean.org.hu\/#website"},"primaryImageOfPage":{"@id":"https:\/\/lean.org.hu\/logisztikai-kaizen-szedesi-folyamat-avagy-az-ordog-a-reszletekben-rejlik#primaryimage"},"image":{"@id":"https:\/\/lean.org.hu\/logisztikai-kaizen-szedesi-folyamat-avagy-az-ordog-a-reszletekben-rejlik#primaryimage"},"thumbnailUrl":"https:\/\/lean.org.hu\/wp-content\/uploads\/2024\/11\/Logisztikai-kaizen-\u2013-szedesi-folyamat-avagy-az-ordog-a-reszletekben-rejlik_SEO.png","datePublished":"2024-11-29T09:35:22+00:00","dateModified":"2025-02-07T12:15:01+00:00","description":"\u00cdme T\u00f6rt\u00e9netek a gemb\u00e1r\u00f3l sorozatunk k\u00f6vetkez\u0151 r\u00e9sze: Logisztikai kaizen \u2013 szed\u00e9si folyamat, avagy az \u00f6rd\u00f6g a r\u00e9szletekben rejlik!","breadcrumb":{"@id":"https:\/\/lean.org.hu\/logisztikai-kaizen-szedesi-folyamat-avagy-az-ordog-a-reszletekben-rejlik#breadcrumb"},"inLanguage":"en-GB","potentialAction":[{"@type":"ReadAction","target":["https:\/\/lean.org.hu\/logisztikai-kaizen-szedesi-folyamat-avagy-az-ordog-a-reszletekben-rejlik"]}]},{"@type":"ImageObject","inLanguage":"en-GB","@id":"https:\/\/lean.org.hu\/logisztikai-kaizen-szedesi-folyamat-avagy-az-ordog-a-reszletekben-rejlik#primaryimage","url":"https:\/\/lean.org.hu\/wp-content\/uploads\/2024\/11\/Logisztikai-kaizen-\u2013-szedesi-folyamat-avagy-az-ordog-a-reszletekben-rejlik_SEO.png","contentUrl":"https:\/\/lean.org.hu\/wp-content\/uploads\/2024\/11\/Logisztikai-kaizen-\u2013-szedesi-folyamat-avagy-az-ordog-a-reszletekben-rejlik_SEO.png","width":1200,"height":628},{"@type":"BreadcrumbList","@id":"https:\/\/lean.org.hu\/logisztikai-kaizen-szedesi-folyamat-avagy-az-ordog-a-reszletekben-rejlik#breadcrumb","itemListElement":[{"@type":"ListItem","position":1,"name":"Kezd\u0151lap","item":"https:\/\/lean.org.hu\/"},{"@type":"ListItem","position":2,"name":"Logisztikai kaizen \u2013 szed\u00e9si folyamat, avagy az \u00f6rd\u00f6g a r\u00e9szletekben rejlik!"}]},{"@type":"WebSite","@id":"https:\/\/lean.org.hu\/#website","url":"https:\/\/lean.org.hu\/","name":"LEI","description":"","publisher":{"@id":"https:\/\/lean.org.hu\/#organization"},"potentialAction":[{"@type":"SearchAction","target":{"@type":"EntryPoint","urlTemplate":"https:\/\/lean.org.hu\/?s={search_term_string}"},"query-input":{"@type":"PropertyValueSpecification","valueRequired":true,"valueName":"search_term_string"}}],"inLanguage":"en-GB"},{"@type":"Organization","@id":"https:\/\/lean.org.hu\/#organization","name":"LEI","url":"https:\/\/lean.org.hu\/","logo":{"@type":"ImageObject","inLanguage":"en-GB","@id":"https:\/\/lean.org.hu\/#\/schema\/logo\/image\/","url":"https:\/\/lean.org.hu\/wp-content\/uploads\/2020\/07\/cropped-lean_logo_final_color_horizontal.png","contentUrl":"https:\/\/lean.org.hu\/wp-content\/uploads\/2020\/07\/cropped-lean_logo_final_color_horizontal.png","width":779,"height":288,"caption":"LEI"},"image":{"@id":"https:\/\/lean.org.hu\/#\/schema\/logo\/image\/"},"sameAs":["https:\/\/www.facebook.com\/LEI.Hungary","https:\/\/www.linkedin.com\/company\/lean-enterprise-institute-hungary"]},{"@type":"Person","@id":"https:\/\/lean.org.hu\/#\/schema\/person\/b3a35e1e0731cc7e3492f4d57685366d","name":"nesicz.regina","image":{"@type":"ImageObject","inLanguage":"en-GB","@id":"https:\/\/secure.gravatar.com\/avatar\/82e6ace1f37342762993b93a43500b1882b5b6454e475141eab9afdd14434f8f?s=96&d=mm&r=g","url":"https:\/\/secure.gravatar.com\/avatar\/82e6ace1f37342762993b93a43500b1882b5b6454e475141eab9afdd14434f8f?s=96&d=mm&r=g","contentUrl":"https:\/\/secure.gravatar.com\/avatar\/82e6ace1f37342762993b93a43500b1882b5b6454e475141eab9afdd14434f8f?s=96&d=mm&r=g","caption":"nesicz.regina"}}]}},"_links":{"self":[{"href":"https:\/\/lean.org.hu\/en\/wp-json\/wp\/v2\/posts\/146333","targetHints":{"allow":["GET"]}}],"collection":[{"href":"https:\/\/lean.org.hu\/en\/wp-json\/wp\/v2\/posts"}],"about":[{"href":"https:\/\/lean.org.hu\/en\/wp-json\/wp\/v2\/types\/post"}],"author":[{"embeddable":true,"href":"https:\/\/lean.org.hu\/en\/wp-json\/wp\/v2\/users\/9"}],"replies":[{"embeddable":true,"href":"https:\/\/lean.org.hu\/en\/wp-json\/wp\/v2\/comments?post=146333"}],"version-history":[{"count":5,"href":"https:\/\/lean.org.hu\/en\/wp-json\/wp\/v2\/posts\/146333\/revisions"}],"predecessor-version":[{"id":146532,"href":"https:\/\/lean.org.hu\/en\/wp-json\/wp\/v2\/posts\/146333\/revisions\/146532"}],"wp:featuredmedia":[{"embeddable":true,"href":"https:\/\/lean.org.hu\/en\/wp-json\/wp\/v2\/media\/146334"}],"wp:attachment":[{"href":"https:\/\/lean.org.hu\/en\/wp-json\/wp\/v2\/media?parent=146333"}],"wp:term":[{"taxonomy":"category","embeddable":true,"href":"https:\/\/lean.org.hu\/en\/wp-json\/wp\/v2\/categories?post=146333"},{"taxonomy":"post_tag","embeddable":true,"href":"https:\/\/lean.org.hu\/en\/wp-json\/wp\/v2\/tags?post=146333"}],"curies":[{"name":"wp","href":"https:\/\/api.w.org\/{rel}","templated":true}]}}